{"id":40456,"date":"2019-06-13T05:51:06","date_gmt":"2019-06-13T09:51:06","guid":{"rendered":"https:\/\/linitiative.ca\/International\/grain-milling-expo-salon-international-des-industries-cerealieres-prevu-en-octobre\/"},"modified":"2019-06-13T05:51:06","modified_gmt":"2019-06-13T09:51:06","slug":"grain-milling-expo-salon-international-des-industries-cerealieres-prevu-en-octobre","status":"publish","type":"post","link":"https:\/\/linitiative.ca\/International\/grain-milling-expo-salon-international-des-industries-cerealieres-prevu-en-octobre\/","title":{"rendered":"Grain &amp; Milling Expo : Salon International des industries c\u00e9r\u00e9ali\u00e8res, pr\u00e9vu en octobre"},"content":{"rendered":"<p>La nouvelle \u00e9dition du Salon \u00ab\u00a0<strong>Grain &#038; Milling Expo<\/strong>\u00a0\u00bb se tiendra du 9 au 11 octobre \u00e0 Casablanca, sur le th\u00e8me \u00ab\u00a0L\u2019int\u00e9gration comme levier de d\u00e9veloppement de la fili\u00e8re c\u00e9r\u00e9ali\u00e8re\u00bb \u00e0 l\u2019<strong>Office des Foires et Expositions de Casablanca<\/strong> (OFEC).<\/p>\n<div class=\"c10\"\/>\n<p>\u00ab Grain &#038; Milling expo \u00bb est l\u2019\u00e9v\u00e9nement biannuel incontournable pour les professionnels des industries meuni\u00e8res et c\u00e9r\u00e9ali\u00e8res. Organis\u00e9 sous le <strong>Haut Patronage de Sa Majest\u00e9 le Roi Mohamed VI<\/strong> et par la F\u00e9d\u00e9ration Nationale de la Minoterie,\u00a0repr\u00e9sentant l\u00e9gal et unique de toutes les unit\u00e9s du secteur de la minoterie industrielle au Maroc, le GME constitue la continuit\u00e9 logique et am\u00e9lior\u00e9e des journ\u00e9es techniques de l\u2019IFIM (dont la 6\u00e8me \u00e9dition a \u00e9t\u00e9 tenue en mai 2015).<\/p>\n<p>V\u00e9ritable carrefour B to B, Grain &#038; Milling expo est une vitrine d\u2019exposition des nouveaut\u00e9s en mati\u00e8re de produits, d\u2019\u00e9quipements, d\u2019installations et de services.\u00a0Il constitue l\u2019occasion de s\u2019enqu\u00e9rir des actualit\u00e9s et des avanc\u00e9es du secteur meunier et c\u00e9r\u00e9alier, \u00e0 travers des tables rondes et des conf\u00e9rences. Plus de 100 exposants\u00a0marocains et \u00e9trangers et pr\u00e8s de 2.000 visiteurs\u00a0sont attendus \u00e0 cette nouvelle \u00e9dition\u00a0du \u00ab\u00a0Grain &#038; Milling Expo\u00a0\u00bb, qui se tiendra sur une superficie de pr\u00e8s de 5.000 m\u00b2.<\/p>\n<div class=\"c17\">\n<fieldset class=\"c16\">\n<legend><strong><span class=\"c11\">Challenge<\/span><span class=\"c12\">news<\/span><\/strong><\/legend>\n<div class=\"c15\">Le meilleur de la r\u00e9daction s\u00e9lectionn\u00e9 par Challenge :<\/p>\n<\/div>\n<\/fieldset>\n<\/div>\n<p>Auteur: Hajar DARI<br \/>\n<a href=\"https:\/\/www.challenge.ma\/grain-milling-expo-salon-international-des-industries-cerealieres-110614\/\">Cliquez ici pour lire l&rsquo;article depuis sa source.<\/a><\/p>\n","protected":false},"excerpt":{"rendered":"<p>La nouvelle \u00e9dition du Salon \u00ab\u00a0Grain &#038; Milling Expo\u00a0\u00bb se tiendra du 9 au 11 octobre \u00e0 Casablanca, sur le th\u00e8me \u00ab\u00a0L\u2019int\u00e9gration comme levier de d\u00e9veloppement de la fili\u00e8re c\u00e9r\u00e9ali\u00e8re\u00bb \u00e0 l\u2019Office des Foires et Expositions de Casablanca (OFEC). \u00ab Grain &#038; Milling expo \u00bb est l\u2019\u00e9v\u00e9nement biannuel incontournable pour les professionnels des industries meuni\u00e8res [&hellip;]<\/p>\n","protected":false},"author":1787,"featured_media":0,"comment_status":"closed","ping_status":"closed","sticky":false,"template":"","format":"standard","meta":{"fifu_image_url":"","fifu_image_alt":"","footnotes":""},"categories":[78,54],"tags":[],"class_list":["post-40456","post","type-post","status-publish","format-standard","hentry","category-economie","category-maroc"],"_links":{"self":[{"href":"https:\/\/linitiative.ca\/International\/wp-json\/wp\/v2\/posts\/40456","targetHints":{"allow":["GET"]}}],"collection":[{"href":"https:\/\/linitiative.ca\/International\/wp-json\/wp\/v2\/posts"}],"about":[{"href":"https:\/\/linitiative.ca\/International\/wp-json\/wp\/v2\/types\/post"}],"author":[{"embeddable":true,"href":"https:\/\/linitiative.ca\/International\/wp-json\/wp\/v2\/users\/1787"}],"replies":[{"embeddable":true,"href":"https:\/\/linitiative.ca\/International\/wp-json\/wp\/v2\/comments?post=40456"}],"version-history":[{"count":0,"href":"https:\/\/linitiative.ca\/International\/wp-json\/wp\/v2\/posts\/40456\/revisions"}],"wp:attachment":[{"href":"https:\/\/linitiative.ca\/International\/wp-json\/wp\/v2\/media?parent=40456"}],"wp:term":[{"taxonomy":"category","embeddable":true,"href":"https:\/\/linitiative.ca\/International\/wp-json\/wp\/v2\/categories?post=40456"},{"taxonomy":"post_tag","embeddable":true,"href":"https:\/\/linitiative.ca\/International\/wp-json\/wp\/v2\/tags?post=40456"}],"curies":[{"name":"wp","href":"https:\/\/api.w.org\/{rel}","templated":true}]}}