{"id":40457,"date":"2019-06-13T07:54:40","date_gmt":"2019-06-13T11:54:40","guid":{"rendered":"https:\/\/linitiative.ca\/International\/elle-fait-lactu-aude-de-thuin-presidente-de-women-in-africa\/"},"modified":"2019-06-13T07:54:40","modified_gmt":"2019-06-13T11:54:40","slug":"elle-fait-lactu-aude-de-thuin-presidente-de-women-in-africa","status":"publish","type":"post","link":"https:\/\/linitiative.ca\/International\/elle-fait-lactu-aude-de-thuin-presidente-de-women-in-africa\/","title":{"rendered":"Elle fait l\u2019actu : Aude de Thuin, pr\u00e9sidente de Women in Africa"},"content":{"rendered":"<p>La troisi\u00e8me \u00e9dition du Sommet Women In Africa (WIA), pr\u00e9vue les 27 et 28 juin \u00e0 Marrakech, est un rendez-vous durant lequel les femmes africaines r\u00e9fl\u00e9chiront aux moyens \u00e0 m\u00eame d\u2019\u00e9tablir de nouvelles bases de relations avec les autres continents, a affirm\u00e9, jeudi \u00e0 Casablanca, la Fondatrice et pr\u00e9sidente de WIA Initiative, Aude de Thuin.<\/p>\n<div class=\"c10\"\/>\n<p>Lors d\u2019un point de presse d\u00e9di\u00e9 \u00e0 la pr\u00e9sentation de cet \u00e9v\u00e9nement plac\u00e9 sous le haut patronage de SM le Roi Mohammed VI et qui r\u00e9unira 500 participants venus de plus de 75 pays, Mme Aude de Thuin a soulign\u00e9 que la th\u00e9matique choisie pour cette \u00e9dition porte sur \u00ab\u00a0Comment les femmes africaines engagent le monde et cr\u00e9ent un nouveau paradigme\u00a0\u00bb.<\/p>\n<p>Elle a \u00e9galement mis l\u2019accent sur les temps fort de cette \u00e9dition notamment les sessions qui porteront sur \u00ab\u00a0Afrique-Europe: changer la donne des rapports futurs\u00a0\u00bb, \u00ab\u00a0Dynamiques Afrique-Asie\u00a0\u00bb, \u00ab\u00a0Afrique-Am\u00e9riques: Engager l\u2019Am\u00e9rique dans une nouvelle relation avec une Afrique plus visible\u00a0\u00bb et \u00ab\u00a0Les femmes africaines agents du changement\u00a0\u00bb, mettant l\u2019accent sur la tenue de la 2\u00e8me \u00e9dition du WIA 54 qui r\u00e9compensera 54 femmes entrepreneurs africaines \u00e0 haut potentiel, qui construisent l\u2019Afrique de demain.<\/p>\n<p>Le Sommet sera \u00e9galement marqu\u00e9 par la pr\u00e9sentation d\u2019une nouvelle \u00e9tude sur les femmes entrepreneurs africaines, a notamment dit la fondatrice de WIA. Ce sommet sera \u00e9galement ponctu\u00e9 par 4 masterclasses portant sur \u00ab\u00a0Mixit\u00e9, Levier de performance dans la Soci\u00e9t\u00e9\u00a0\u00bb, \u00ab\u00a0Women\u2019s investment club\u00a0\u00bb,\u00a0\u00bbS\u2019exprimer avec impact\u00a0\u00bb, \u00ab\u00a0Les r\u00e9seaux \u2013 pourquoi et comment les utiliser pour acc\u00e9der aux conseils\u00a0\u00bb.<\/p>\n<p>\u00c9galement 5 femmes exceptionnelles venues des 5 r\u00e9gions africaines, actrices du changement prendront chacune la parole pour pr\u00e9senter une id\u00e9e, leur parcours, leur vision pour leur continent.<\/p>\n<p>Lors de cet \u00e9v\u00e9nement des rencontres entre des repr\u00e9sentants des d\u00e9l\u00e9gations, pays et secteurs auront lieu afin d\u2019\u00e9changer et de d\u00e9velopper des relations et opportunit\u00e9s d\u2019investissement.<\/p>\n<p>Un Prix de la femme agricole de l\u2019ann\u00e9e WIA &#038; OCP est mis en place et souhaite r\u00e9compenser une femme africaine investie dans le domaine de l\u2019Agriculture en Afrique. Par l\u2019interm\u00e9diaire de ce prix, WIA &#038; OCP souhaitent r\u00e9compenser les bonnes pratiques et les solutions innovantes dans le secteur agricole.<\/p>\n<p>Le prix de la femme agricole africaine de l\u2019ann\u00e9e by WIA et OCP vise \u00e0 permettre \u00e0 la laur\u00e9ate d\u2019\u00eatre reconnue dans son \u00e9cosyst\u00e8me, sur le continent et \u00e0 l\u2019international, afin de faire conna\u00eetre ses bonnes pratiques \u00e0 une \u00e9chelle locale, voire r\u00e9gionale.<\/p>\n<p>Women in Africa (WIA), fond\u00e9 par Aude de Thuin en 2016 et pr\u00e9sid\u00e9e par Hafsat Abiola, est une plateforme internationale de d\u00e9veloppement \u00e9conomique et d\u2019accompagnement des femmes africaines leaders et \u00e0 haut potentiel. Par cette initiative, WIA souhaite r\u00e9v\u00e9ler le potentiel de ces femmes et les connecter au niveau continental et international.<\/p>\n<div class=\"c17\">\n<fieldset class=\"c16\">\n<legend><strong><span class=\"c11\">Challenge<\/span><span class=\"c12\">news<\/span><\/strong><\/legend>\n<div class=\"c15\">Le meilleur de la r\u00e9daction s\u00e9lectionn\u00e9 par Challenge :<\/p>\n<\/div>\n<\/fieldset>\n<\/div>\n<p>Auteur: Hassan Manyani<br \/>\n<a href=\"https:\/\/www.challenge.ma\/elle-fait-lactu-aude-de-thuin-presidente-de-women-in-africa-110625\/\">Cliquez ici pour lire l&rsquo;article depuis sa source.<\/a><\/p>\n","protected":false},"excerpt":{"rendered":"<p>La troisi\u00e8me \u00e9dition du Sommet Women In Africa (WIA), pr\u00e9vue les 27 et 28 juin \u00e0 Marrakech, est un rendez-vous durant lequel les femmes africaines r\u00e9fl\u00e9chiront aux moyens \u00e0 m\u00eame d\u2019\u00e9tablir de nouvelles bases de relations avec les autres continents, a affirm\u00e9, jeudi \u00e0 Casablanca, la Fondatrice et pr\u00e9sidente de WIA Initiative, Aude de Thuin. [&hellip;]<\/p>\n","protected":false},"author":1787,"featured_media":0,"comment_status":"closed","ping_status":"closed","sticky":false,"template":"","format":"standard","meta":{"fifu_image_url":"","fifu_image_alt":"","footnotes":""},"categories":[78,54],"tags":[],"class_list":["post-40457","post","type-post","status-publish","format-standard","hentry","category-economie","category-maroc"],"_links":{"self":[{"href":"https:\/\/linitiative.ca\/International\/wp-json\/wp\/v2\/posts\/40457","targetHints":{"allow":["GET"]}}],"collection":[{"href":"https:\/\/linitiative.ca\/International\/wp-json\/wp\/v2\/posts"}],"about":[{"href":"https:\/\/linitiative.ca\/International\/wp-json\/wp\/v2\/types\/post"}],"author":[{"embeddable":true,"href":"https:\/\/linitiative.ca\/International\/wp-json\/wp\/v2\/users\/1787"}],"replies":[{"embeddable":true,"href":"https:\/\/linitiative.ca\/International\/wp-json\/wp\/v2\/comments?post=40457"}],"version-history":[{"count":0,"href":"https:\/\/linitiative.ca\/International\/wp-json\/wp\/v2\/posts\/40457\/revisions"}],"wp:attachment":[{"href":"https:\/\/linitiative.ca\/International\/wp-json\/wp\/v2\/media?parent=40457"}],"wp:term":[{"taxonomy":"category","embeddable":true,"href":"https:\/\/linitiative.ca\/International\/wp-json\/wp\/v2\/categories?post=40457"},{"taxonomy":"post_tag","embeddable":true,"href":"https:\/\/linitiative.ca\/International\/wp-json\/wp\/v2\/tags?post=40457"}],"curies":[{"name":"wp","href":"https:\/\/api.w.org\/{rel}","templated":true}]}}