{"id":40458,"date":"2019-06-13T09:04:54","date_gmt":"2019-06-13T13:04:54","guid":{"rendered":"https:\/\/linitiative.ca\/International\/mostafa-terrab-elu-president-de-lifa\/"},"modified":"2019-06-13T09:04:54","modified_gmt":"2019-06-13T13:04:54","slug":"mostafa-terrab-elu-president-de-lifa","status":"publish","type":"post","link":"https:\/\/linitiative.ca\/International\/mostafa-terrab-elu-president-de-lifa\/","title":{"rendered":"Mostafa Terrab \u00e9lu pr\u00e9sident de l\u2019IFA"},"content":{"rendered":"<p>Le conseil d\u2019administration de l\u2019International Fertilizer Industry Association (IFA) a \u00e9lu\u00a0le patron de l\u2019OCP, <strong>Mostafa Terrab<\/strong>, pour un mandat de deux ans qui prend effet d\u00e8s aujourd\u2019hui en marge de la conf\u00e9rence annuelle de l\u2019IFA qui se tient \u00e0 Montr\u00e9al (Canada).<\/p>\n<div class=\"c10\"\/>\n<p>Mostafa Terrab devient ainsi le premier dirigeant africain \u00e0 pr\u00e9sider cette prestigieuse association professionnelle internationale de l\u2019industrie des engrais depuis sa cr\u00e9ation il y a 90 ans. A noter que Terrab est aussi membre du conseil d\u2019administration de l\u2019institut fran\u00e7ais des relations internationales, membre du Peterson Institute for International Economics ainsi que de l\u2019America-Mideast Educational and Training Services, inc. (AMIDEAST)<\/p>\n<p>Pour rappel, l\u2019<strong>IFA<\/strong> est la plus importante instance de r\u00e9f\u00e9rence internationale des producteurs d\u2019engrais, l\u2019\u00e9quivalent de l\u2019Opep. Fond\u00e9e en 1927, l\u2019IFA est la seule association mondiale dont la port\u00e9e vise \u00e0 d\u00e9velopper l\u2019usage des engrais et des fertilisants. Avec 480 soci\u00e9t\u00e9s membres, repr\u00e9sentant 68 pays, pas moins de 45% de ceux-ci sont issus d\u2019\u00e9conomies en voie de d\u00e9veloppement. Les membres de l\u2019IFA d\u00e9tiennent, \u00e0 eux seuls, 80% de la production mondiale d\u2019engrais.<\/p>\n<p>L\u2019IFA promeut la production, la distribution et l\u2019utilisation efficaces et responsables d\u2019\u00e9l\u00e9ments nutritifs pour les plantes. Objectif : d\u00e9velopper des syst\u00e8mes agricoles durables et productifs, contribuant \u00e0 un monde sans faim et sans malnutrition.<\/p>\n<div class=\"c17\">\n<fieldset class=\"c16\">\n<legend><strong><span class=\"c11\">Challenge<\/span><span class=\"c12\">news<\/span><\/strong><\/legend>\n<div class=\"c15\">Le meilleur de la r\u00e9daction s\u00e9lectionn\u00e9 par Challenge :<\/p>\n<\/div>\n<\/fieldset>\n<\/div>\n<p>Auteur: Hajar DARI<br \/>\n<a href=\"https:\/\/www.challenge.ma\/il-fait-lactu-mostafa-terrab-elu-president-de-lifa-110609\/\">Cliquez ici pour lire l&rsquo;article depuis sa source.<\/a><\/p>\n","protected":false},"excerpt":{"rendered":"<p>Le conseil d\u2019administration de l\u2019International Fertilizer Industry Association (IFA) a \u00e9lu\u00a0le patron de l\u2019OCP, Mostafa Terrab, pour un mandat de deux ans qui prend effet d\u00e8s aujourd\u2019hui en marge de la conf\u00e9rence annuelle de l\u2019IFA qui se tient \u00e0 Montr\u00e9al (Canada). Mostafa Terrab devient ainsi le premier dirigeant africain \u00e0 pr\u00e9sider cette prestigieuse association professionnelle [&hellip;]<\/p>\n","protected":false},"author":1787,"featured_media":0,"comment_status":"closed","ping_status":"closed","sticky":false,"template":"","format":"standard","meta":{"fifu_image_url":"","fifu_image_alt":"","footnotes":""},"categories":[78,54],"tags":[],"class_list":["post-40458","post","type-post","status-publish","format-standard","hentry","category-economie","category-maroc"],"_links":{"self":[{"href":"https:\/\/linitiative.ca\/International\/wp-json\/wp\/v2\/posts\/40458","targetHints":{"allow":["GET"]}}],"collection":[{"href":"https:\/\/linitiative.ca\/International\/wp-json\/wp\/v2\/posts"}],"about":[{"href":"https:\/\/linitiative.ca\/International\/wp-json\/wp\/v2\/types\/post"}],"author":[{"embeddable":true,"href":"https:\/\/linitiative.ca\/International\/wp-json\/wp\/v2\/users\/1787"}],"replies":[{"embeddable":true,"href":"https:\/\/linitiative.ca\/International\/wp-json\/wp\/v2\/comments?post=40458"}],"version-history":[{"count":0,"href":"https:\/\/linitiative.ca\/International\/wp-json\/wp\/v2\/posts\/40458\/revisions"}],"wp:attachment":[{"href":"https:\/\/linitiative.ca\/International\/wp-json\/wp\/v2\/media?parent=40458"}],"wp:term":[{"taxonomy":"category","embeddable":true,"href":"https:\/\/linitiative.ca\/International\/wp-json\/wp\/v2\/categories?post=40458"},{"taxonomy":"post_tag","embeddable":true,"href":"https:\/\/linitiative.ca\/International\/wp-json\/wp\/v2\/tags?post=40458"}],"curies":[{"name":"wp","href":"https:\/\/api.w.org\/{rel}","templated":true}]}}