{"id":40459,"date":"2019-06-13T09:19:37","date_gmt":"2019-06-13T13:19:37","guid":{"rendered":"https:\/\/linitiative.ca\/International\/ifc-et-bank-al-maghrib-decryptent-les-enjeux-pour-le-secteur-financier\/"},"modified":"2019-06-13T09:19:37","modified_gmt":"2019-06-13T13:19:37","slug":"ifc-et-bank-al-maghrib-decryptent-les-enjeux-pour-le-secteur-financier","status":"publish","type":"post","link":"https:\/\/linitiative.ca\/International\/ifc-et-bank-al-maghrib-decryptent-les-enjeux-pour-le-secteur-financier\/","title":{"rendered":"IFC et Bank Al-Maghrib d\u00e9cryptent les enjeux pour le secteur financier"},"content":{"rendered":"<p>Dans un monde de plus en plus connect\u00e9 et digitalis\u00e9, gr\u00e2ce aux avanc\u00e9es de la technologie, la protection des donn\u00e9es personnelles rev\u00eat un enjeu capital. En vue de mettre un accent particulier sur ces enjeux et les diff\u00e9rentes mesures prises en la mati\u00e8re, dont notamment le r\u00e8glement g\u00e9n\u00e9ral de l\u2019Union europ\u00e9enne sur la protection des donn\u00e9es (<strong>RGPD<\/strong>), IFC (Soci\u00e9t\u00e9 Financi\u00e8re Internationale), membre du groupe Banque Mondiale, <strong>Bank Al-Maghrib<\/strong> (BAM) et la Commission nationale de contr\u00f4le de la protection des donn\u00e9es \u00e0 caract\u00e8re personnel (<strong>CNDP<\/strong>), ont organis\u00e9 le 13 juin \u00e0 Rabat une rencontre ayant r\u00e9uni les diff\u00e9rentes parties prenantes. Il s\u2019agit d\u2019un s\u00e9minaire dont l\u2019objectif \u00e9tait de faire la lumi\u00e8re sur comment le r\u00e8glement g\u00e9n\u00e9ral de l\u2019Union europ\u00e9enne sur la protection des donn\u00e9es (RGPD) fait face aux menaces croissantes pesant sur la confidentialit\u00e9 des donn\u00e9es.<\/p>\n<div class=\"c10\"\/>\n<p>Notons que cette rencontre a \u00e9t\u00e9 aussi organis\u00e9e avec l\u2019aide du Minist\u00e8re des Finances du Japon, qui soutient \u00e9troitement les projets d\u2019infrastructure financi\u00e8re de l\u2019IFC au Maroc. Elle a notamment connu la participation des acteurs du secteur financier, des r\u00e9gulateurs, des repr\u00e9sentants de minist\u00e8res et de banques centrales et a \u00e9t\u00e9 l\u2019occasion de dresser un aper\u00e7u sur les mesures prises par les r\u00e9gulateurs et les acteurs priv\u00e9s en Europe pour mieux prot\u00e9ger les donn\u00e9es \u00e0 caract\u00e8re personnel.<\/p>\n<p>Force est de noter que cet \u00e9v\u00e9nement s\u2019inscrit dans le cadre d\u2019un projet en cours de la <strong>Soci\u00e9t\u00e9 Financi\u00e8re Internationale<\/strong> (IFC) et dont l\u2019objectif est de renforcer l\u2019infrastructure de reporting en mati\u00e8re de cr\u00e9dit au Maroc dans le but d\u2019am\u00e9liorer l\u2019inclusion financi\u00e8re et de collaborer avec la Banque centrale dans le cadre de ses responsabilit\u00e9s institutionnelles. Il est \u00e0 noter aussi que l\u2019\u00e9laboration d\u2019une l\u00e9gislation sur les Cr\u00e9dit Bureau est int\u00e9gr\u00e9e dans ce projet.<\/p>\n<p>Pour Xavier Reille, Directeur <strong>IFC<\/strong> pour la r\u00e9gion du Maghreb, la disponibilit\u00e9 et la transparence des donn\u00e9es partag\u00e9es entre les institutions financi\u00e8res, les autorit\u00e9s de r\u00e9gulation et les autres acteurs financiers constituent des \u00e9l\u00e9ments essentiels pour un fonctionnement efficace des Credit Bureau. \u00ab\u00a0La r\u00e9glementation des <strong>Cr\u00e9dit Bureau<\/strong> est consid\u00e9r\u00e9e efficace lorsqu\u2019elle est adapt\u00e9e \u00e0 l\u2019\u00e8re num\u00e9rique et conforme aux lois sur la <strong>confidentialit\u00e9<\/strong> des donn\u00e9es, permettant ainsi d\u2019\u00e9largir l\u2019acc\u00e8s des particuliers et des PME au financement \u00bb, a-t-il soulign\u00e9.<\/p>\n<p>Pour sa part, le Wali de Bank Al-Maghrib, Abdellatif Jouahri, a fait remarquer que le s\u00e9minaire est particuli\u00e8rement opportun dans la mesure o\u00f9 il sensibilise par rapport aux menaces pesant sur la confidentialit\u00e9 des donn\u00e9es et aux d\u00e9fis auxquels les r\u00e9gulateurs sont confront\u00e9s pour y faire face. \u00ab\u00a0La loi relative aux Cr\u00e9dit Bureau est en cours d\u2019approbation et nous \u0153uvrons pour qu\u2019elle soit parfaitement adapt\u00e9e au <strong>monde num\u00e9rique interconnect\u00e9<\/strong> dans lequel nous vivons et travaillons\u00a0\u00bb, a-t-il notamment assur\u00e9. Rappelons que Bank Al-Maghrib est pionni\u00e8re dans ce domaine dans la r\u00e9gion MENA, puisqu\u2019elle a autoris\u00e9 l\u2019ouverture de deux Cr\u00e9dit Bureau. De m\u00eame, BAM s\u2019att\u00e8le actuellement \u00e0 la refonte de son Registre national des cr\u00e9dits en s\u2019inspirant des <strong>meilleures pratiques internationales<\/strong>. Il faut dire que le r\u00f4le de la CNDP dans cette perspective est \u00e9galement crucial. C\u2019est le gendarme qui veille aux grains en mati\u00e8re de donn\u00e9es \u00e0 caract\u00e8re personnel au Maroc. Ainsi, son pr\u00e9sident, Omar Seghrouchni, a, lors de ce s\u00e9minaire, mis l\u2019accent sur plusieurs aspects li\u00e9s au sujet. \u00abLa <strong>r\u00e9glementation<\/strong> de la confidentialit\u00e9 des donn\u00e9es est pass\u00e9e au-del\u00e0 de la simple l\u00e9gislation pour se transformer en une culture de protection des donn\u00e9es personnelles. Il est de notre responsabilit\u00e9 de renforcer et de diffuser cette culture au Maroc \u00bb, a-t-il pr\u00e9cis\u00e9.<\/p>\n<div class=\"c17\">\n<fieldset class=\"c16\">\n<legend><strong><span class=\"c11\">Challenge<\/span><span class=\"c12\">news<\/span><\/strong><\/legend>\n<div class=\"c15\">Le meilleur de la r\u00e9daction s\u00e9lectionn\u00e9 par Challenge :<\/p>\n<\/div>\n<\/fieldset>\n<\/div>\n<p>Auteur: Roland Amoussou<br \/>\n<a href=\"https:\/\/www.challenge.ma\/ifc-sallie-a-bank-al-maghrib-et-a-la-cndp-pour-decrypter-les-enjeux-pour-le-secteur-financier-110617\/\">Cliquez ici pour lire l&rsquo;article depuis sa source.<\/a><\/p>\n","protected":false},"excerpt":{"rendered":"<p>Dans un monde de plus en plus connect\u00e9 et digitalis\u00e9, gr\u00e2ce aux avanc\u00e9es de la technologie, la protection des donn\u00e9es personnelles rev\u00eat un enjeu capital. En vue de mettre un accent particulier sur ces enjeux et les diff\u00e9rentes mesures prises en la mati\u00e8re, dont notamment le r\u00e8glement g\u00e9n\u00e9ral de l\u2019Union europ\u00e9enne sur la protection des [&hellip;]<\/p>\n","protected":false},"author":1787,"featured_media":0,"comment_status":"closed","ping_status":"closed","sticky":false,"template":"","format":"standard","meta":{"fifu_image_url":"","fifu_image_alt":"","footnotes":""},"categories":[78,54],"tags":[],"class_list":["post-40459","post","type-post","status-publish","format-standard","hentry","category-economie","category-maroc"],"_links":{"self":[{"href":"https:\/\/linitiative.ca\/International\/wp-json\/wp\/v2\/posts\/40459","targetHints":{"allow":["GET"]}}],"collection":[{"href":"https:\/\/linitiative.ca\/International\/wp-json\/wp\/v2\/posts"}],"about":[{"href":"https:\/\/linitiative.ca\/International\/wp-json\/wp\/v2\/types\/post"}],"author":[{"embeddable":true,"href":"https:\/\/linitiative.ca\/International\/wp-json\/wp\/v2\/users\/1787"}],"replies":[{"embeddable":true,"href":"https:\/\/linitiative.ca\/International\/wp-json\/wp\/v2\/comments?post=40459"}],"version-history":[{"count":0,"href":"https:\/\/linitiative.ca\/International\/wp-json\/wp\/v2\/posts\/40459\/revisions"}],"wp:attachment":[{"href":"https:\/\/linitiative.ca\/International\/wp-json\/wp\/v2\/media?parent=40459"}],"wp:term":[{"taxonomy":"category","embeddable":true,"href":"https:\/\/linitiative.ca\/International\/wp-json\/wp\/v2\/categories?post=40459"},{"taxonomy":"post_tag","embeddable":true,"href":"https:\/\/linitiative.ca\/International\/wp-json\/wp\/v2\/tags?post=40459"}],"curies":[{"name":"wp","href":"https:\/\/api.w.org\/{rel}","templated":true}]}}