{"id":40469,"date":"2019-06-13T14:32:26","date_gmt":"2019-06-13T18:32:26","guid":{"rendered":"https:\/\/linitiative.ca\/International\/tunisie-rejet-de-lintitule-et-du-premier-article-du-projet-damendement-de-la-loi-electorale\/"},"modified":"2019-06-13T14:32:26","modified_gmt":"2019-06-13T18:32:26","slug":"tunisie-rejet-de-lintitule-et-du-premier-article-du-projet-damendement-de-la-loi-electorale","status":"publish","type":"post","link":"https:\/\/linitiative.ca\/International\/tunisie-rejet-de-lintitule-et-du-premier-article-du-projet-damendement-de-la-loi-electorale\/","title":{"rendered":"Tunisie \u2013 Rejet de l\u2019intitul\u00e9 et du premier article du projet d\u2019amendement de la loi \u00e9lectorale"},"content":{"rendered":"<div class=\"post-cont-in left relative\">\n<div class=\"swp_social_panel swp_horizontal_panel swp_flat_fresh swp_default_full_color swp_individual_full_color swp_other_full_color scale-100 scale-\" data-min-width=\"1100\" data-float-color=\"#ffffff\" data-float=\"none\" data-float-mobile=\"none\" data-transition=\"slide\">\n<div class=\"nc_tweetContainer swp_share_button total_shares total_sharesalt\"><span class=\"swp_count\">34 <span class=\"swp_label\">Partages<\/span><\/span><\/div>\n<\/div>\n<p>Au tout d\u00e9but de leur \u00e9tude du projet d\u2019amendement de la loi \u00e9lectorale les repr\u00e9sentants du peuple ont oppos\u00e9 leur refus \u00e0 l\u2019intitul\u00e9 m\u00eame du projet de loi.<\/p>\n<p>En effet, apr\u00e8s la pr\u00e9sentation de cet intitul\u00e9, seuls 103 d\u00e9put\u00e9s ont vot\u00e9 favorablement \u00e0 la proposition, avec une voix contre et neuf abstentions.<\/p>\n<div class=\"code-block code-block-1 c3\"><ins class=\"adsbygoogle c2\" data-ad-layout=\"in-article\" data-ad-format=\"fluid\" data-ad-client=\"ca-pub-2102118777505746\" data-ad-slot=\"7301775417\"\/> <\/div>\n<p>Avec seuleument 103 voix pour, le premier article \u00e9t\u00e9 rejet\u00e9, comme l\u2019a annonc\u00e9 le pr\u00e9sident de la s\u00e9ance, Abdelfattah Mourou\u00a0!<\/p>\n<p>Pour l\u2019examen du premier article dudit amendement, les d\u00e9put\u00e9s ont exig\u00e9 des modifications concernant un premier d\u00e9tail, qui n\u2019a \u00e9t\u00e9 approuv\u00e9 que par 102 voix. Il en a \u00e9t\u00e9 de m\u00eame, pour un autre d\u00e9tail du m\u00eame premier article qui n\u2019a obtenu que 104 voix.<\/p>\n<p><img loading=\"lazy\" decoding=\"async\" class=\"aligncenter size-full wp-image-441003\" src=\"https:\/\/www.tunisienumerique.com\/wp-content\/uploads\/2019\/06\/refus.jpg\" alt=\"\" width=\"574\" height=\"458\"\/><\/p>\n<p><img loading=\"lazy\" decoding=\"async\" class=\"aligncenter size-full wp-image-441004\" src=\"https:\/\/www.tunisienumerique.com\/wp-content\/uploads\/2019\/06\/art1.jpg\" alt=\"\" width=\"574\" height=\"277\"\/><\/p>\n<p><img loading=\"lazy\" decoding=\"async\" class=\"aligncenter size-full wp-image-441005\" src=\"https:\/\/www.tunisienumerique.com\/wp-content\/uploads\/2019\/06\/art1-1.jpg\" alt=\"\" width=\"575\" height=\"280\"\/><\/p>\n<p><em><strong>A suivre\u2026\u00a0<\/strong><\/em><\/p>\n<div class=\"mvp-org-wrap mvp-org-logo\" itemprop=\"publisher\" itemscope=\"\" itemtype=\"https:\/\/schema.org\/Organization\"><img decoding=\"async\" src=\"https:\/\/www.tunisienumerique.com\/wp-content\/uploads\/2017\/02\/logo_tunisie_numerique.png\"\/><\/div>\n<div class=\"swp_social_panel swp_horizontal_panel swp_flat_fresh swp_default_full_color swp_individual_full_color swp_other_full_color scale-100 scale-\" data-min-width=\"1100\" data-float-color=\"#ffffff\" data-float=\"none\" data-float-mobile=\"none\" data-transition=\"slide\">\n<div class=\"nc_tweetContainer swp_share_button total_shares total_sharesalt\"><span class=\"swp_count\">34 <span class=\"swp_label\">Partages<\/span><\/span><\/div>\n<\/div>\n<div class=\"mvp-related-posts left relative\">\n<h4 class=\"post-header\"><span class=\"post-header\">Lire aussi<\/span><\/h4>\n<\/div>\n<\/div>\n<p>Auteur: LM<br \/>\n<a href=\"https:\/\/www.tunisienumerique.com\/tunisie-rejet-de-lintitule-et-du-premier-article-du-projet-damendement-de-la-loi-electorale\/\">Cliquez ici pour lire l&rsquo;article depuis sa source.<\/a><\/p>\n","protected":false},"excerpt":{"rendered":"<p>34 Partages Au tout d\u00e9but de leur \u00e9tude du projet d\u2019amendement de la loi \u00e9lectorale les repr\u00e9sentants du peuple ont oppos\u00e9 leur refus \u00e0 l\u2019intitul\u00e9 m\u00eame du projet de loi. En effet, apr\u00e8s la pr\u00e9sentation de cet intitul\u00e9, seuls 103 d\u00e9put\u00e9s ont vot\u00e9 favorablement \u00e0 la proposition, avec une voix contre et neuf abstentions. Avec [&hellip;]<\/p>\n","protected":false},"author":1789,"featured_media":40470,"comment_status":"closed","ping_status":"closed","sticky":false,"template":"","format":"standard","meta":{"fifu_image_url":"","fifu_image_alt":"","footnotes":""},"categories":[73,55],"tags":[],"class_list":["post-40469","post","type-post","status-publish","format-standard","has-post-thumbnail","hentry","category-actualite","category-tunisie"],"_links":{"self":[{"href":"https:\/\/linitiative.ca\/International\/wp-json\/wp\/v2\/posts\/40469","targetHints":{"allow":["GET"]}}],"collection":[{"href":"https:\/\/linitiative.ca\/International\/wp-json\/wp\/v2\/posts"}],"about":[{"href":"https:\/\/linitiative.ca\/International\/wp-json\/wp\/v2\/types\/post"}],"author":[{"embeddable":true,"href":"https:\/\/linitiative.ca\/International\/wp-json\/wp\/v2\/users\/1789"}],"replies":[{"embeddable":true,"href":"https:\/\/linitiative.ca\/International\/wp-json\/wp\/v2\/comments?post=40469"}],"version-history":[{"count":0,"href":"https:\/\/linitiative.ca\/International\/wp-json\/wp\/v2\/posts\/40469\/revisions"}],"wp:featuredmedia":[{"embeddable":true,"href":"https:\/\/linitiative.ca\/International\/wp-json\/"}],"wp:attachment":[{"href":"https:\/\/linitiative.ca\/International\/wp-json\/wp\/v2\/media?parent=40469"}],"wp:term":[{"taxonomy":"category","embeddable":true,"href":"https:\/\/linitiative.ca\/International\/wp-json\/wp\/v2\/categories?post=40469"},{"taxonomy":"post_tag","embeddable":true,"href":"https:\/\/linitiative.ca\/International\/wp-json\/wp\/v2\/tags?post=40469"}],"curies":[{"name":"wp","href":"https:\/\/api.w.org\/{rel}","templated":true}]}}