{"id":40475,"date":"2019-06-13T15:40:54","date_gmt":"2019-06-13T19:40:54","guid":{"rendered":"https:\/\/linitiative.ca\/International\/diplomatie-quelle-importance-accorde-la-tunisie-a-ses-relations-avec-la-russie\/"},"modified":"2019-06-13T15:40:54","modified_gmt":"2019-06-13T19:40:54","slug":"diplomatie-quelle-importance-accorde-la-tunisie-a-ses-relations-avec-la-russie","status":"publish","type":"post","link":"https:\/\/linitiative.ca\/International\/diplomatie-quelle-importance-accorde-la-tunisie-a-ses-relations-avec-la-russie\/","title":{"rendered":"Diplomatie\u00a0: Quelle importance accorde la Tunisie \u00e0 ses relations avec la Russie\u00a0?"},"content":{"rendered":"<div class=\"post-cont-in left relative\">\n<div class=\"swp_social_panel swp_horizontal_panel swp_flat_fresh swp_default_full_color swp_individual_full_color swp_other_full_color scale-100 scale-\" data-min-width=\"1100\" data-float-color=\"#ffffff\" data-float=\"none\" data-float-mobile=\"none\" data-transition=\"slide\">\n<div class=\"nc_tweetContainer swp_share_button total_shares total_sharesalt\"><span class=\"swp_count\">16 <span class=\"swp_label\">Partages<\/span><\/span><\/div>\n<\/div>\n<p>Il a toujours \u00e9t\u00e9 d\u2019usage, dans le monde diplomatique, que les notables et dirigeants d\u2019un pays se rendent aux festivit\u00e9s organis\u00e9es dans les ambassades des pays qui existent sur son sol, \u00e0 l\u2019occasion de la c\u00e9l\u00e9bration de leurs f\u00eates nationales.<\/p>\n<p>Le niveau de la, ou des personnalit\u00e9s qui repr\u00e9sentent l\u2019Etat \u00e0 chaque occasion, refl\u00e8te, dans ce cas, l\u2019importance que donne le pays h\u00f4te \u00e0 ses relations avec le pays repr\u00e9sent\u00e9 par l\u2019ambassade en question.<\/p>\n<div class=\"code-block code-block-1 c3\"><ins class=\"adsbygoogle c2\" data-ad-layout=\"in-article\" data-ad-format=\"fluid\" data-ad-client=\"ca-pub-2102118777505746\" data-ad-slot=\"7301775417\"\/> <\/div>\n<p>La manifestation de cette r\u00e8gle, lors de la c\u00e9r\u00e9monie offerte hier, par l\u2019ambassade de Russie \u00e0 Tunis, a \u00e9t\u00e9, pour le moins, d\u00e9routante. En effet, alors que pour certains pays qui sont respect\u00e9s et proches du r\u00e9gime en place, c\u2019est le chef du gouvernement ou \u00e0 d\u00e9faut, le ministre des affaires \u00e9trang\u00e8res, en sa qualit\u00e9 de chef de la diplomatie, qui fait le d\u00e9placement. Souvent, ils sont nombreux \u00e0 repr\u00e9senter le gouvernement dans ce genre de c\u00e9r\u00e9monies.<\/p>\n<p>Or, ce qui s\u2019est pass\u00e9 avec l\u2019ambassade de la Russie, c\u2019est que le gouvernement s\u2019est content\u00e9 de charger le ministre de la Justice de le repr\u00e9senter. Il s\u2019agissait de la f\u00eate nationale d\u2019une superpuissance qu\u2019ils le veuillent ou pas et qu\u2019ils aient la m\u00eame optique avec elle, par rapport avec la situation en Syrie et au Moyen Orient ou pas.<\/p>\n<p>Malgr\u00e9 tout le respect qu\u2019on doit au ministre de la Justice et \u00e0 sa qualit\u00e9 de ministre \u00ab\u00a0r\u00e9galien\u00a0\u00bb, il n\u2019en demeure pas moins que sa repr\u00e9sentation du gouvernement tunisien \u00e0 cette f\u00eate, \u00e9tait disons\u2026 \u00ab\u00a0d\u00e9plac\u00e9e\u00a0\u00bb. Car elle ne refl\u00e8te pas l\u2019importance mondiale et g\u00e9opolitique de la Russie, ni les int\u00e9r\u00eats que devrait avoir et poursuivre la Tunisie avec elle. D\u2019entendre un ministre de la Justice parler de relations diplomatiques et de l\u2019essor du tourisme russe en Tunisie, et des pr\u00e9visions de tel ou tel nombre de touristes, cette saison, sonnait bizarrement creux\u00a0!<\/p>\n<p>On ose esp\u00e9rer que cette \u00ab\u00a0maladresse\u00a0\u00bb soit due \u00e0 des contraintes de calendrier ou d\u2019agendas trop charg\u00e9s. Malheureusement, il s\u2019agit de la deuxi\u00e8me \u00ab\u00a0b\u00e9vue\u00a0\u00bb de la Tunisie face \u00e0 la toute puissante Russie, en l\u2019espace de quelques jours, apr\u00e8s celle d\u2019avoir d\u00e9clin\u00e9, sans m\u00eame s\u2019en excuser, l\u2019invitation par la Russie de quatre ministres tunisiens au Forum \u00e9conomique mondial qui s\u2019est tenu la semaine derni\u00e8re, \u00e0 Saint Petersburg et au cours duquel, la Tunisie aurait pu avoir beaucoup \u00e0 gagner, notamment en opportunit\u00e9s d\u2019investissements, puisque ce forum a regroup\u00e9 les grands des finances mondiales.<\/p>\n<p><img loading=\"lazy\" decoding=\"async\" class=\"aligncenter wp-image-441023\" src=\"https:\/\/www.tunisienumerique.com\/wp-content\/uploads\/2019\/06\/russie-2.jpg\" alt=\"\" width=\"651\" height=\"460\" srcset=\"https:\/\/www.tunisienumerique.com\/wp-content\/uploads\/2019\/06\/russie-2.jpg 960w, https:\/\/www.tunisienumerique.com\/wp-content\/uploads\/2019\/06\/russie-2-768x543.jpg 768w, https:\/\/www.tunisienumerique.com\/wp-content\/uploads\/2019\/06\/russie-2-600x424.jpg 600w\" sizes=\"auto, (max-width: 651px) 100vw, 651px\"\/><\/p>\n<div class=\"mvp-org-wrap mvp-org-logo\" itemprop=\"publisher\" itemscope=\"\" itemtype=\"https:\/\/schema.org\/Organization\"><img decoding=\"async\" src=\"https:\/\/www.tunisienumerique.com\/wp-content\/uploads\/2017\/02\/logo_tunisie_numerique.png\"\/><\/div>\n<div class=\"swp_social_panel swp_horizontal_panel swp_flat_fresh swp_default_full_color swp_individual_full_color swp_other_full_color scale-100 scale-\" data-min-width=\"1100\" data-float-color=\"#ffffff\" data-float=\"none\" data-float-mobile=\"none\" data-transition=\"slide\">\n<div class=\"nc_tweetContainer swp_share_button total_shares total_sharesalt\"><span class=\"swp_count\">16 <span class=\"swp_label\">Partages<\/span><\/span><\/div>\n<\/div>\n<div class=\"mvp-related-posts left relative\">\n<h4 class=\"post-header\"><span class=\"post-header\">Lire aussi<\/span><\/h4>\n<\/div>\n<\/div>\n<p>Auteur: Ramsis<br \/>\n<a href=\"https:\/\/www.tunisienumerique.com\/diplomatie-quelle-importance-accorde-la-tunisie-a-ses-relations-avec-la-russie\/\">Cliquez ici pour lire l&rsquo;article depuis sa source.<\/a><\/p>\n","protected":false},"excerpt":{"rendered":"<p>16 Partages Il a toujours \u00e9t\u00e9 d\u2019usage, dans le monde diplomatique, que les notables et dirigeants d\u2019un pays se rendent aux festivit\u00e9s organis\u00e9es dans les ambassades des pays qui existent sur son sol, \u00e0 l\u2019occasion de la c\u00e9l\u00e9bration de leurs f\u00eates nationales. Le niveau de la, ou des personnalit\u00e9s qui repr\u00e9sentent l\u2019Etat \u00e0 chaque occasion, [&hellip;]<\/p>\n","protected":false},"author":1789,"featured_media":40476,"comment_status":"closed","ping_status":"closed","sticky":false,"template":"","format":"standard","meta":{"fifu_image_url":"","fifu_image_alt":"","footnotes":""},"categories":[73,55],"tags":[],"class_list":["post-40475","post","type-post","status-publish","format-standard","has-post-thumbnail","hentry","category-actualite","category-tunisie"],"_links":{"self":[{"href":"https:\/\/linitiative.ca\/International\/wp-json\/wp\/v2\/posts\/40475","targetHints":{"allow":["GET"]}}],"collection":[{"href":"https:\/\/linitiative.ca\/International\/wp-json\/wp\/v2\/posts"}],"about":[{"href":"https:\/\/linitiative.ca\/International\/wp-json\/wp\/v2\/types\/post"}],"author":[{"embeddable":true,"href":"https:\/\/linitiative.ca\/International\/wp-json\/wp\/v2\/users\/1789"}],"replies":[{"embeddable":true,"href":"https:\/\/linitiative.ca\/International\/wp-json\/wp\/v2\/comments?post=40475"}],"version-history":[{"count":0,"href":"https:\/\/linitiative.ca\/International\/wp-json\/wp\/v2\/posts\/40475\/revisions"}],"wp:featuredmedia":[{"embeddable":true,"href":"https:\/\/linitiative.ca\/International\/wp-json\/"}],"wp:attachment":[{"href":"https:\/\/linitiative.ca\/International\/wp-json\/wp\/v2\/media?parent=40475"}],"wp:term":[{"taxonomy":"category","embeddable":true,"href":"https:\/\/linitiative.ca\/International\/wp-json\/wp\/v2\/categories?post=40475"},{"taxonomy":"post_tag","embeddable":true,"href":"https:\/\/linitiative.ca\/International\/wp-json\/wp\/v2\/tags?post=40475"}],"curies":[{"name":"wp","href":"https:\/\/api.w.org\/{rel}","templated":true}]}}