{"id":40477,"date":"2019-06-13T16:11:21","date_gmt":"2019-06-13T20:11:21","guid":{"rendered":"https:\/\/linitiative.ca\/International\/sarraj-avertit-la-tunisie-du-danger-du-regain-de-force-de-daech\/"},"modified":"2019-06-13T16:11:21","modified_gmt":"2019-06-13T20:11:21","slug":"sarraj-avertit-la-tunisie-du-danger-du-regain-de-force-de-daech","status":"publish","type":"post","link":"https:\/\/linitiative.ca\/International\/sarraj-avertit-la-tunisie-du-danger-du-regain-de-force-de-daech\/","title":{"rendered":"Sarraj avertit la Tunisie du danger du regain de force de Daech"},"content":{"rendered":"<div class=\"post-cont-in left relative\">\n<div class=\"swp_social_panel swp_horizontal_panel swp_flat_fresh swp_default_full_color swp_individual_full_color swp_other_full_color scale-100 scale-\" data-min-width=\"1100\" data-float-color=\"#ffffff\" data-float=\"none\" data-float-mobile=\"none\" data-transition=\"slide\">\n<div class=\"nc_tweetContainer swp_share_button total_shares total_sharesalt\"><span class=\"swp_count\">107 <span class=\"swp_label\">Partages<\/span><\/span><\/div>\n<\/div>\n<p>Le pr\u00e9sident du conseil du gouvernement de consensus libyen, Fayez Sarraj a d\u00e9clar\u00e9, dans un entretien accord\u00e9 \u00e0 la cha\u00eene Sky News, que les combats autour de Tripoli ont eu pour premi\u00e8re cons\u00e9quence, un regain certain de la force de Daech, avec le r\u00e9veil de nombreuses cellules dormante.<\/p>\n<p>Il a ajout\u00e9 que cette menace ne concerne pas uniquement la Libye, mais\u00a0touche toute la r\u00e9gion, ajoutant qu\u2019il a pr\u00e9venu les pays du voisinage du risque du retour de Daech en Afrique du Nord.<\/p>\n<div class=\"code-block code-block-1 c3\"><ins class=\"adsbygoogle c2\" data-ad-layout=\"in-article\" data-ad-format=\"fluid\" data-ad-client=\"ca-pub-2102118777505746\" data-ad-slot=\"7301775417\"\/> <\/div>\n<div class=\"mvp-org-wrap mvp-org-logo\" itemprop=\"publisher\" itemscope=\"\" itemtype=\"https:\/\/schema.org\/Organization\"><img decoding=\"async\" src=\"https:\/\/www.tunisienumerique.com\/wp-content\/uploads\/2017\/02\/logo_tunisie_numerique.png\"\/><\/div>\n<div class=\"swp_social_panel swp_horizontal_panel swp_flat_fresh swp_default_full_color swp_individual_full_color swp_other_full_color scale-100 scale-\" data-min-width=\"1100\" data-float-color=\"#ffffff\" data-float=\"none\" data-float-mobile=\"none\" data-transition=\"slide\">\n<div class=\"nc_tweetContainer swp_share_button total_shares total_sharesalt\"><span class=\"swp_count\">107 <span class=\"swp_label\">Partages<\/span><\/span><\/div>\n<\/div>\n<div class=\"mvp-related-posts left relative\">\n<h4 class=\"post-header\"><span class=\"post-header\">Lire aussi<\/span><\/h4>\n<\/div>\n<\/div>\n<p>Auteur: LM<br \/>\n<a href=\"https:\/\/www.tunisienumerique.com\/sarraj-avertit-la-tunisie-du-danger-du-regain-de-force-de-daech\/\">Cliquez ici pour lire l&rsquo;article depuis sa source.<\/a><\/p>\n","protected":false},"excerpt":{"rendered":"<p>107 Partages Le pr\u00e9sident du conseil du gouvernement de consensus libyen, Fayez Sarraj a d\u00e9clar\u00e9, dans un entretien accord\u00e9 \u00e0 la cha\u00eene Sky News, que les combats autour de Tripoli ont eu pour premi\u00e8re cons\u00e9quence, un regain certain de la force de Daech, avec le r\u00e9veil de nombreuses cellules dormante. Il a ajout\u00e9 que cette [&hellip;]<\/p>\n","protected":false},"author":1789,"featured_media":40478,"comment_status":"closed","ping_status":"closed","sticky":false,"template":"","format":"standard","meta":{"fifu_image_url":"","fifu_image_alt":"","footnotes":""},"categories":[73,55],"tags":[],"class_list":["post-40477","post","type-post","status-publish","format-standard","has-post-thumbnail","hentry","category-actualite","category-tunisie"],"_links":{"self":[{"href":"https:\/\/linitiative.ca\/International\/wp-json\/wp\/v2\/posts\/40477","targetHints":{"allow":["GET"]}}],"collection":[{"href":"https:\/\/linitiative.ca\/International\/wp-json\/wp\/v2\/posts"}],"about":[{"href":"https:\/\/linitiative.ca\/International\/wp-json\/wp\/v2\/types\/post"}],"author":[{"embeddable":true,"href":"https:\/\/linitiative.ca\/International\/wp-json\/wp\/v2\/users\/1789"}],"replies":[{"embeddable":true,"href":"https:\/\/linitiative.ca\/International\/wp-json\/wp\/v2\/comments?post=40477"}],"version-history":[{"count":0,"href":"https:\/\/linitiative.ca\/International\/wp-json\/wp\/v2\/posts\/40477\/revisions"}],"wp:featuredmedia":[{"embeddable":true,"href":"https:\/\/linitiative.ca\/International\/wp-json\/"}],"wp:attachment":[{"href":"https:\/\/linitiative.ca\/International\/wp-json\/wp\/v2\/media?parent=40477"}],"wp:term":[{"taxonomy":"category","embeddable":true,"href":"https:\/\/linitiative.ca\/International\/wp-json\/wp\/v2\/categories?post=40477"},{"taxonomy":"post_tag","embeddable":true,"href":"https:\/\/linitiative.ca\/International\/wp-json\/wp\/v2\/tags?post=40477"}],"curies":[{"name":"wp","href":"https:\/\/api.w.org\/{rel}","templated":true}]}}