{"id":40479,"date":"2019-06-13T17:22:27","date_gmt":"2019-06-13T21:22:27","guid":{"rendered":"https:\/\/linitiative.ca\/International\/tunisie-beja-un-directeur-de-centre-dexamen-du-bac-ecarte\/"},"modified":"2019-06-13T17:22:27","modified_gmt":"2019-06-13T21:22:27","slug":"tunisie-beja-un-directeur-de-centre-dexamen-du-bac-ecarte","status":"publish","type":"post","link":"https:\/\/linitiative.ca\/International\/tunisie-beja-un-directeur-de-centre-dexamen-du-bac-ecarte\/","title":{"rendered":"Tunisie \u2013 Beja\u00a0: Un directeur de centre d\u2019examen du bac \u00e9cart\u00e9"},"content":{"rendered":"<div class=\"post-cont-in left relative\">\n<div class=\"swp_social_panel swp_horizontal_panel swp_flat_fresh swp_default_full_color swp_individual_full_color swp_other_full_color scale-100 scale-\" data-min-width=\"1100\" data-float-color=\"#ffffff\" data-float=\"none\" data-float-mobile=\"none\" data-transition=\"slide\">\n<div class=\"nc_tweetContainer swp_share_button total_shares total_sharesalt\"><span class=\"swp_count\">1 <span class=\"swp_label\">Partages<\/span><\/span><\/div>\n<\/div>\n<p>Le directeur r\u00e9gional de l\u2019\u00e9ducation \u00e0 B\u00e9ja a annonc\u00e9 qu\u2019il a \u00e9t\u00e9 d\u00e9cid\u00e9 d\u2019\u00e9carter un directeur de centre d\u2019examen du baccalaur\u00e9at \u00ab\u00a0pour la bonne marche du travail\u00a0\u00bb, a-t-il expliqu\u00e9, sans plus de pr\u00e9cisions.<\/p>\n<div class=\"mvp-org-wrap mvp-org-logo\" itemprop=\"publisher\" itemscope=\"\" itemtype=\"https:\/\/schema.org\/Organization\"><img decoding=\"async\" src=\"https:\/\/www.tunisienumerique.com\/wp-content\/uploads\/2017\/02\/logo_tunisie_numerique.png\"\/><\/div>\n<div class=\"swp_social_panel swp_horizontal_panel swp_flat_fresh swp_default_full_color swp_individual_full_color swp_other_full_color scale-100 scale-\" data-min-width=\"1100\" data-float-color=\"#ffffff\" data-float=\"none\" data-float-mobile=\"none\" data-transition=\"slide\">\n<div class=\"nc_tweetContainer swp_share_button total_shares total_sharesalt\"><span class=\"swp_count\">1 <span class=\"swp_label\">Partages<\/span><\/span><\/div>\n<\/div>\n<div class=\"mvp-related-posts left relative\">\n<h4 class=\"post-header\"><span class=\"post-header\">Lire aussi<\/span><\/h4>\n<\/div>\n<\/div>\n<p>Auteur: LM<br \/>\n<a href=\"https:\/\/www.tunisienumerique.com\/tunisie-beja-un-directeur-de-centre-dexamen-du-bac-ecarte\/\">Cliquez ici pour lire l&rsquo;article depuis sa source.<\/a><\/p>\n","protected":false},"excerpt":{"rendered":"<p>1 Partages Le directeur r\u00e9gional de l\u2019\u00e9ducation \u00e0 B\u00e9ja a annonc\u00e9 qu\u2019il a \u00e9t\u00e9 d\u00e9cid\u00e9 d\u2019\u00e9carter un directeur de centre d\u2019examen du baccalaur\u00e9at \u00ab\u00a0pour la bonne marche du travail\u00a0\u00bb, a-t-il expliqu\u00e9, sans plus de pr\u00e9cisions. 1 Partages Lire aussi Auteur: LM Cliquez ici pour lire l&rsquo;article depuis sa source.<\/p>\n","protected":false},"author":1789,"featured_media":40480,"comment_status":"closed","ping_status":"closed","sticky":false,"template":"","format":"standard","meta":{"fifu_image_url":"","fifu_image_alt":"","footnotes":""},"categories":[73,55],"tags":[],"class_list":["post-40479","post","type-post","status-publish","format-standard","has-post-thumbnail","hentry","category-actualite","category-tunisie"],"_links":{"self":[{"href":"https:\/\/linitiative.ca\/International\/wp-json\/wp\/v2\/posts\/40479","targetHints":{"allow":["GET"]}}],"collection":[{"href":"https:\/\/linitiative.ca\/International\/wp-json\/wp\/v2\/posts"}],"about":[{"href":"https:\/\/linitiative.ca\/International\/wp-json\/wp\/v2\/types\/post"}],"author":[{"embeddable":true,"href":"https:\/\/linitiative.ca\/International\/wp-json\/wp\/v2\/users\/1789"}],"replies":[{"embeddable":true,"href":"https:\/\/linitiative.ca\/International\/wp-json\/wp\/v2\/comments?post=40479"}],"version-history":[{"count":0,"href":"https:\/\/linitiative.ca\/International\/wp-json\/wp\/v2\/posts\/40479\/revisions"}],"wp:featuredmedia":[{"embeddable":true,"href":"https:\/\/linitiative.ca\/International\/wp-json\/"}],"wp:attachment":[{"href":"https:\/\/linitiative.ca\/International\/wp-json\/wp\/v2\/media?parent=40479"}],"wp:term":[{"taxonomy":"category","embeddable":true,"href":"https:\/\/linitiative.ca\/International\/wp-json\/wp\/v2\/categories?post=40479"},{"taxonomy":"post_tag","embeddable":true,"href":"https:\/\/linitiative.ca\/International\/wp-json\/wp\/v2\/tags?post=40479"}],"curies":[{"name":"wp","href":"https:\/\/api.w.org\/{rel}","templated":true}]}}