{"id":40483,"date":"2019-06-13T16:30:58","date_gmt":"2019-06-13T20:30:58","guid":{"rendered":"https:\/\/linitiative.ca\/International\/ibk-a-sobane-kou\/"},"modified":"2019-06-13T16:30:58","modified_gmt":"2019-06-13T20:30:58","slug":"ibk-a-sobane-kou","status":"publish","type":"post","link":"https:\/\/linitiative.ca\/International\/ibk-a-sobane-kou\/","title":{"rendered":"IBK A SOBANE KOU"},"content":{"rendered":"<div class=\"stream-item stream-item-above-post-content\">\n<p><noscript><\/p>\n<p><a href=\"\/\/www3.smartadserver.com\/ac?jump=1&#038;nwid=2136&#038;siteid=240610&#038;pgname=rg&#038;fmtid=49046&#038;visit=m&#038;tmstp=[timestamp]&#038;out=nonrich\" target=\"_blank\" rel=\"noopener noreferrer\"><img decoding=\"async\" src=\"\/\/www3.smartadserver.com\/ac?out=nonrich&#038;nwid=2136&#038;siteid=240610&#038;pgname=rg&#038;fmtid=49046&#038;visit=m&#038;tmstp=[timestamp]\" border=\"0\" alt=\"\"\/><\/a><\/p>\n<p><\/noscript><\/div>\n<p class=\"c3\"><em>Rentr\u00e9 d\u2019urgence de Gen\u00e8ve o\u00f9 il prenait part au centenaire de l\u2019Organisation internationale du travail (OIT), le pr\u00e9sident malien, Ibrahim Boubacar K\u00e9ita (IBK) s\u2019est rendu, hier, 13 juin 2019, \u00e0 Sobane-Kou o\u00f9 a eu lieu le massacre de 37 personnes, dans la nuit du 8 juin dernier. A l\u2019occasion, le num\u00e9ro un des Maliens \u00e9tait accompagn\u00e9 d\u2019un pr\u00e9lat et d\u2019un pasteur, \u00e9tant donn\u00e9 que le village de Sobane-kou est r\u00e9put\u00e9 pour \u00eatre majoritairement chr\u00e9tien. Cela dit, au-del\u00e0 du symbole que peut repr\u00e9senter cette pr\u00e9sidentielle qui intervient en plein deuil national et apr\u00e8s le limogeage du gouverneur de Mopti, une question demeure\u00a0: pourquoi le gouvernement malien n\u2019a-t-il pas pu anticiper les \u00e9v\u00e8nements alors que tout laissait croire qu\u2019il existait des instincts revanchards apr\u00e8s le massacre d\u2019Ogossagou\u00a0?\u00a0 De l\u2019avis de nombreux observateurs, nul n\u2019\u00e9tait besoin d\u2019\u00eatre rompu \u00e0 l\u2019interpr\u00e9tation des arabesques des marabouts maliens, pour pr\u00e9voir ce qui est arriv\u00e9.<\/em><\/p>\n<p><strong>Il faut craindre que le sentiment d\u2019impunit\u00e9 n\u2019installe durablement le Mali dans la spirale de la vendetta<\/strong><\/p>\n<p class=\"c3\"><em>La situation \u00e9tait telle qu\u2019il fallait surveiller la r\u00e9gion comme du lait sur le feu, pour parer \u00e0 toute \u00e9ventualit\u00e9 ; chose qui, malheureusement, ne semble pas avoir \u00e9t\u00e9 faite. Le risque \u00e9tait d\u2019autant plus grand que le massacre d\u2019Ogossagou semblait avoir b\u00e9n\u00e9fici\u00e9 d\u2019une totale impunit\u00e9. Et voil\u00e0 donc ce nouveau drame qui vient apporter de l\u2019eau au moulin de tous ceux qui critiquent la gouvernance s\u00e9curitaire au Mali, avec une arm\u00e9e qui fait plus dans la d\u00e9fensive.<\/em> <em>L\u2019autre question que l\u2019on peut se poser et pas la moindre, est la suivante : pourquoi, pendant les 8 heures qu\u2019ont dur\u00e9 les massacres (de 17h \u00e0 1h), ni l\u2019arm\u00e9e malienne, ni les troupes de l\u2019op\u00e9ration Barkhane, ni celles de la MINUSMA, ni celles du G5 n\u2019ont-elles pu r\u00e9agir ?\u00a0 La question est d\u2019autant plus \u00e0 propos qu\u2019avec les technologies de la communication, l\u2019information est quasi instantan\u00e9e.<\/em> <em>Faute de pouvoir r\u00e9pondre \u00e0 ces questions, l\u2019on ne peut que se laisser emporter par le sentiment que tout s\u2019est pass\u00e9 comme si l\u2019on a laiss\u00e9 faire. Certes, le gouvernement, comme dans pareilles circonstances, a promis de retrouver les coupables mais tout porte \u00e0 croire qu\u2019il ne s\u2019agit l\u00e0 que de d\u00e9clarations destin\u00e9es \u00e0 se donner bonne conscience et \u00e0 contenir la col\u00e8re de tous ceux qui sont r\u00e9volt\u00e9s par ces tueries en s\u00e9ries au Mali. Ce qu\u2019il faut craindre, c\u2019est que ce sentiment d\u2019impunit\u00e9 n\u2019installe durablement le Mali dans la spirale de la vendetta ; toute chose qui fera l\u2019affaire des terroristes qui n\u2019en demandaient pas mieux. L\u2019autre grande crainte, c\u2019est l\u2019effet-contagion que ces conflits communautaires au Mali peuvent engendrer dans toute la sous-r\u00e9gion o\u00f9 bien des pays partagent, \u00e0 quelques diff\u00e9rences pr\u00e8s, les m\u00eames communaut\u00e9s ethniques.<\/em> <em>Mais au-del\u00e0 des larmes de crocodile, le gouvernement malien doit se poser les bonnes questions sur sa politique s\u00e9curitaire.<\/em><\/p>\n<p><strong>Il est temps que les leaders communautaires et religieux s\u2019engagent aux c\u00f4t\u00e9s de l\u2019Etat<\/strong><\/p>\n<p class=\"c3\"><em>Car ce qui est aujourd\u2019hui en jeu, ce sont les fondements et l\u2019existence m\u00eame de la Nation. En tout cas, le gouvernement, en effet, n\u2019est pas exempt de tout reproche dans la d\u00e9rive communautaire que conna\u00eet le Mali. En effet, en plus de l\u2019impunit\u00e9 qui a jusque-l\u00e0 couvert les massacres communautaires qui se sont succ\u00e9d\u00e9 au Mali, le pouvoir est accus\u00e9 d\u2019avoir cr\u00e9\u00e9 et arm\u00e9 des milices d\u2019autod\u00e9fense dont l\u2019action met aujourd\u2019hui \u00e0 mal la coh\u00e9sion sociale.<\/em> <em>Cela dit, IBK, tout petit-fils du l\u00e9gendaire Soundjata K\u00e9ita qu\u2019il soit, ne peut, \u00e0 lui seul, arr\u00eater la descente annonc\u00e9e aux enfers du Mali du fait du p\u00e9ril communautaire. Il est temps que les leaders communautaires et religieux s\u2019engagent aux c\u00f4t\u00e9s de l\u2019Etat pour freiner cette course folle vers l\u2019ab\u00eeme. Au Mali, tout comme partout dans la sous-r\u00e9gion aujourd\u2019hui dans la tourmente, il a exist\u00e9 et existe des valeurs qui fondent le vivre-ensemble et dont les autorit\u00e9s coutumi\u00e8res et religieuses en sont les garantes. Rien qu\u2019\u00e0 penser \u00e0 la Charte de Kouroukan Fougan qui, autrefois, a \u00e9t\u00e9 \u00e0 l\u2019origine de l\u2019harmonie entre la mosa\u00efque des peuples du Mand\u00e9 ou \u00e0 la parent\u00e9 \u00e0 plaisanterie qui lie de nombreux groupes ethniques et couches sociales par des alliances pacifiques qui tournent \u00e0 la d\u00e9rision les rapports violents dans la soci\u00e9t\u00e9, l\u2019on ne peut douter du r\u00f4le, \u00f4 combien important, des leaders communautaires.<\/em><\/p>\n<p><strong>\u00ab\u00a0 Le Pays\u00a0\u00bb<\/strong><\/p>\n<p>Auteur: Le Pays<br \/>\n<a href=\"http:\/\/lepays.bf\/ibk-a-sobane-kou\/\">Cliquez ici pour lire l&rsquo;article depuis sa source.<\/a><\/p>\n","protected":false},"excerpt":{"rendered":"<p>Rentr\u00e9 d\u2019urgence de Gen\u00e8ve o\u00f9 il prenait part au centenaire de l\u2019Organisation internationale du travail (OIT), le pr\u00e9sident malien, Ibrahim Boubacar K\u00e9ita (IBK) s\u2019est rendu, hier, 13 juin 2019, \u00e0 Sobane-Kou o\u00f9 a eu lieu le massacre de 37 personnes, dans la nuit du 8 juin dernier. A l\u2019occasion, le num\u00e9ro un des Maliens \u00e9tait [&hellip;]<\/p>\n","protected":false},"author":1813,"featured_media":0,"comment_status":"closed","ping_status":"closed","sticky":false,"template":"","format":"standard","meta":{"fifu_image_url":"","fifu_image_alt":"","footnotes":""},"categories":[73,81],"tags":[],"class_list":["post-40483","post","type-post","status-publish","format-standard","hentry","category-actualite","category-burkina-faso"],"_links":{"self":[{"href":"https:\/\/linitiative.ca\/International\/wp-json\/wp\/v2\/posts\/40483","targetHints":{"allow":["GET"]}}],"collection":[{"href":"https:\/\/linitiative.ca\/International\/wp-json\/wp\/v2\/posts"}],"about":[{"href":"https:\/\/linitiative.ca\/International\/wp-json\/wp\/v2\/types\/post"}],"author":[{"embeddable":true,"href":"https:\/\/linitiative.ca\/International\/wp-json\/wp\/v2\/users\/1813"}],"replies":[{"embeddable":true,"href":"https:\/\/linitiative.ca\/International\/wp-json\/wp\/v2\/comments?post=40483"}],"version-history":[{"count":0,"href":"https:\/\/linitiative.ca\/International\/wp-json\/wp\/v2\/posts\/40483\/revisions"}],"wp:attachment":[{"href":"https:\/\/linitiative.ca\/International\/wp-json\/wp\/v2\/media?parent=40483"}],"wp:term":[{"taxonomy":"category","embeddable":true,"href":"https:\/\/linitiative.ca\/International\/wp-json\/wp\/v2\/categories?post=40483"},{"taxonomy":"post_tag","embeddable":true,"href":"https:\/\/linitiative.ca\/International\/wp-json\/wp\/v2\/tags?post=40483"}],"curies":[{"name":"wp","href":"https:\/\/api.w.org\/{rel}","templated":true}]}}