{"id":40484,"date":"2019-06-13T16:34:21","date_gmt":"2019-06-13T20:34:21","guid":{"rendered":"https:\/\/linitiative.ca\/International\/tshisekedi-dans-la-tourmente\/"},"modified":"2019-06-13T16:34:21","modified_gmt":"2019-06-13T20:34:21","slug":"tshisekedi-dans-la-tourmente","status":"publish","type":"post","link":"https:\/\/linitiative.ca\/International\/tshisekedi-dans-la-tourmente\/","title":{"rendered":"TSHISEKEDI DANS LA TOURMENTE"},"content":{"rendered":"<div class=\"stream-item stream-item-above-post-content\">\n<p><noscript><\/p>\n<p><a href=\"\/\/www3.smartadserver.com\/ac?jump=1&#038;nwid=2136&#038;siteid=240610&#038;pgname=rg&#038;fmtid=49046&#038;visit=m&#038;tmstp=[timestamp]&#038;out=nonrich\" target=\"_blank\" rel=\"noopener noreferrer\"><img decoding=\"async\" src=\"\/\/www3.smartadserver.com\/ac?out=nonrich&#038;nwid=2136&#038;siteid=240610&#038;pgname=rg&#038;fmtid=49046&#038;visit=m&#038;tmstp=[timestamp]\" border=\"0\" alt=\"\"\/><\/a><\/p>\n<p><\/noscript><\/div>\n<p class=\"c3\"><em>Cinq mois apr\u00e8s son \u00e9lection \u00e0 la t\u00eate de la R\u00e9publique d\u00e9mocratique du Congo (RDC), Felix Tshis\u00e9k\u00e9di est aujourd\u2019hui dans une situation politique inconfortable. En effet, l\u2019homme est pris entre le marteau de son alli\u00e9 de circonstance, le Front commun pour le Congo (FCC) de l\u2019ex-pr\u00e9sident Joseph Kabila et le marteau de ses anciens camarades de l\u2019opposition dont certains l\u2019accusent frontalement de poser des actes, de connivence avec l\u2019ancien pr\u00e9sident, tendant \u00e0 \u00ab\u00a0assassiner l\u2019Etat de droit et la d\u00e9mocratie\u00a0\u00bb. Cette fl\u00e8che a \u00e9t\u00e9 d\u00e9coch\u00e9e \u00e0 son endroit par Martin Fayulu, apr\u00e8s que la Cour constitutionnelle a d\u00e9chu de leur qualit\u00e9 de d\u00e9put\u00e9, plusieurs \u00e9lus de l\u2019opposition, dans le cadre du contentieux \u00e9lectoral relatif aux l\u00e9gislatives du 30 d\u00e9cembre 2018. En r\u00e9alit\u00e9, tout ce qui arrive aujourd\u2019hui \u00e0 F\u00e9lix Tshis\u00e9k\u00e9di \u00e9tait pr\u00e9visible. En effet, l\u2019on peut expliquer la tourmente politique dans laquelle il se retrouve par le deal politique qu\u2019il a conclu avec le diable Kabila dans le cadre de la pr\u00e9sidentielle pour usurper le pouvoir au malheureux Martin Fayulu. C\u2019est cette fameuse \u00ab\u00a0solution \u00e0 la Congolaise\u00a0\u00bb pour reprendre l\u2019expression de Le Drian, qui est en train de le rattraper aujourd\u2019hui. Et cela n\u2019est pas sans rappeler un proverbe burkinab\u00e8 selon lequel \u00ab\u00a0la poule de la perfidie ne peut pas produire des poussins\u00a0\u00bb. En tout cas, F\u00e9lix Tshis\u00e9k\u00e9di est bien plac\u00e9 aujourd\u2019hui pour appr\u00e9cier la v\u00e9racit\u00e9 de cette sagesse. En effet, ses ennuis politiques fusent de partout. Il y a d\u2019abord les soucis politiques li\u00e9s \u00e0 son alliance politique avec le FCC de Joseph Kabila. La position hyper- h\u00e9g\u00e9monique de celui-ci dans les deux Chambres du parlement, fait qu\u2019aujourd\u2019hui, Tshis\u00e9k\u00e9di est r\u00e9duit \u00e0 la position humiliante d\u2019un pr\u00e9sident qui est juste l\u00e0 pour inaugurer les chrysanth\u00e8mes. La preuve, s\u2019il en est encore besoin, c\u2019est que cinq mois apr\u00e8s son \u00e9lection, il est dans l\u2019incapacit\u00e9 de former son premier gouvernement.<\/em><\/p>\n<p><strong>Tshis\u00e9k\u00e9di risque de trimballer son manque de l\u00e9gitimit\u00e9 comme un boulet \u00e0 son pied<\/strong><\/p>\n<p class=\"c3\"><em>Rien que le vendredi dernier, le pr\u00e9sident a re\u00e7u une vol\u00e9e de bois vert \u00e0 l\u2019Assembl\u00e9e nationale de la part des d\u00e9put\u00e9s FCC, pour avoir nomm\u00e9 des personnalit\u00e9s qui ne sont pas \u00e0 leur go\u00fbt, \u00e0 la t\u00eate de deux entreprises publiques. Ce recadrage sans management du pr\u00e9sident par la coalition pro-Kabila, a suscit\u00e9 l\u2019ire de centaines de militants du parti pr\u00e9sidentiel qui ont envahi le si\u00e8ge du parlement pour manifester leur m\u00e9contentement. Face \u00e0 tout cela, le pr\u00e9sident est oblig\u00e9 d\u2019adopter un profil bas pour ne pas f\u00e2cher l\u2019homme dont la man\u0153uvre lui a permis d\u2019\u00eatre roi, c\u2019est-\u00e0-dire Kabila. Et cette humiliation n\u2019est que le d\u00e9but du commencement. Le pire pourrait \u00eatre \u00e0 venir. En effet, l\u2019on peut s\u2019attendre, dans la composition du gouvernement, \u00e0 ce que Kabila s\u2019arroge tous les postes de souverainet\u00e9 pour ne laisser au pr\u00e9sident que les maroquins de moindre importance.<\/em><br \/><em>La deuxi\u00e8me cat\u00e9gorie des ennuis de Tshis\u00e9k\u00e9di lui vient de l\u2019opposition, port\u00e9e aujourd\u2019hui par Martin Fayulu. Celle-ci est vent debout contre lui, suite \u00e0 l\u2019invalidation, par la Cour constitutionnelle, des mandats des d\u00e9put\u00e9s membres de la coalition des opposants Mo\u00efse Katumbi et Jean Pierre Bemba. Les partisans de ce dernier ont promis de battre le macadam demain pour protester contre ce qu\u2019ils appellent \u00ab\u00a0l\u2019assassinat d\u00e9finitif de l\u2019Etat de droit et de la d\u00e9mocratie\u00a0\u00bb par l\u2019alliance incestueuse Kabila-Tshis\u00e9k\u00e9di. Et on peut leur donner raison d\u2019avoir opt\u00e9 pour cela. En effet, il est de notori\u00e9t\u00e9 publique que les membres actuels de la Cour constitutionnelle roulent pour Kabila. Ce sont eux qui ont tripatouill\u00e9 les r\u00e9sultats de la pr\u00e9sidentielle sur instruction de leur mentor, pour d\u00e9clarer Tshis\u00e9k\u00e9di gagnant du scrutin. Cette man\u0153uvre est connue de tous. A commencer par l\u2019Eglise catholique et la communaut\u00e9 internationale. Seulement, les uns et les autres ont pr\u00e9f\u00e9r\u00e9 la stabilit\u00e9 \u00e0 l\u2019\u00e9thique du scrutin. L\u00e9galement donc, c\u2019est F\u00e9lix Tshis\u00e9k\u00e9di qui a \u00e9t\u00e9 \u00e9lu mais l\u00e9gitimement, c\u2019est autre chose. Et il risque de trimballer ce manque de l\u00e9gitimit\u00e9 comme un boulet \u00e0 son pied tout au long de son mandat. La troisi\u00e8me et derni\u00e8re adversit\u00e9 qui se dresse sur le chemin du pr\u00e9sident, est li\u00e9e paradoxalement \u00e0 la base de son parti. Au rythme o\u00f9 vont les choses, il n\u2019est pas exclu que celle-ci le d\u00e9savoue pour trahison. D\u00e9j\u00e0, elle supporte de plus en plus mal les accointances de leur mentor avec Kabila. Bref, aujourd\u2019hui, le pr\u00e9sident est dans la tourmente \u00e0 cause, peut-on dire, de son deal politique avec Kabila. Et la seule sortie honorable pour lui pourrait consister \u00e0 restituer \u00e0 Martin Fayulu ce qu\u2019il lui avait vol\u00e9, de connivence avec Kabila. Il peut aussi envisager la dissolution du parlement pour att\u00e9nuer les choses. Mais une chose est d\u2019y penser, une autre d\u2019y arriver.<\/em><\/p>\n<p><strong>Pousdem PICKOU<\/strong><\/p>\n<p>Auteur: Le Pays<br \/>\n<a href=\"http:\/\/lepays.bf\/tshisekedi-dans-la-tourmente\/\">Cliquez ici pour lire l&rsquo;article depuis sa source.<\/a><\/p>\n","protected":false},"excerpt":{"rendered":"<p>Cinq mois apr\u00e8s son \u00e9lection \u00e0 la t\u00eate de la R\u00e9publique d\u00e9mocratique du Congo (RDC), Felix Tshis\u00e9k\u00e9di est aujourd\u2019hui dans une situation politique inconfortable. En effet, l\u2019homme est pris entre le marteau de son alli\u00e9 de circonstance, le Front commun pour le Congo (FCC) de l\u2019ex-pr\u00e9sident Joseph Kabila et le marteau de ses anciens camarades [&hellip;]<\/p>\n","protected":false},"author":1813,"featured_media":0,"comment_status":"closed","ping_status":"closed","sticky":false,"template":"","format":"standard","meta":{"fifu_image_url":"","fifu_image_alt":"","footnotes":""},"categories":[73,81],"tags":[],"class_list":["post-40484","post","type-post","status-publish","format-standard","hentry","category-actualite","category-burkina-faso"],"_links":{"self":[{"href":"https:\/\/linitiative.ca\/International\/wp-json\/wp\/v2\/posts\/40484","targetHints":{"allow":["GET"]}}],"collection":[{"href":"https:\/\/linitiative.ca\/International\/wp-json\/wp\/v2\/posts"}],"about":[{"href":"https:\/\/linitiative.ca\/International\/wp-json\/wp\/v2\/types\/post"}],"author":[{"embeddable":true,"href":"https:\/\/linitiative.ca\/International\/wp-json\/wp\/v2\/users\/1813"}],"replies":[{"embeddable":true,"href":"https:\/\/linitiative.ca\/International\/wp-json\/wp\/v2\/comments?post=40484"}],"version-history":[{"count":0,"href":"https:\/\/linitiative.ca\/International\/wp-json\/wp\/v2\/posts\/40484\/revisions"}],"wp:attachment":[{"href":"https:\/\/linitiative.ca\/International\/wp-json\/wp\/v2\/media?parent=40484"}],"wp:term":[{"taxonomy":"category","embeddable":true,"href":"https:\/\/linitiative.ca\/International\/wp-json\/wp\/v2\/categories?post=40484"},{"taxonomy":"post_tag","embeddable":true,"href":"https:\/\/linitiative.ca\/International\/wp-json\/wp\/v2\/tags?post=40484"}],"curies":[{"name":"wp","href":"https:\/\/api.w.org\/{rel}","templated":true}]}}