{"id":40485,"date":"2019-06-13T16:39:20","date_gmt":"2019-06-13T20:39:20","guid":{"rendered":"https:\/\/linitiative.ca\/International\/redeploiement-annonce-des-enseignants\/"},"modified":"2019-06-13T16:39:20","modified_gmt":"2019-06-13T20:39:20","slug":"redeploiement-annonce-des-enseignants","status":"publish","type":"post","link":"https:\/\/linitiative.ca\/International\/redeploiement-annonce-des-enseignants\/","title":{"rendered":"REDEPLOIEMENT ANNONCE DES ENSEIGNANTS"},"content":{"rendered":"<div class=\"stream-item stream-item-above-post-content\">\n<p><noscript><\/p>\n<p><a href=\"\/\/www3.smartadserver.com\/ac?jump=1&#038;nwid=2136&#038;siteid=240610&#038;pgname=rg&#038;fmtid=49046&#038;visit=m&#038;tmstp=[timestamp]&#038;out=nonrich\" target=\"_blank\" rel=\"noopener noreferrer\"><img decoding=\"async\" src=\"\/\/www3.smartadserver.com\/ac?out=nonrich&#038;nwid=2136&#038;siteid=240610&#038;pgname=rg&#038;fmtid=49046&#038;visit=m&#038;tmstp=[timestamp]\" border=\"0\" alt=\"\"\/><\/a><\/p>\n<p><\/noscript><\/div>\n<p class=\"c3\"><em>Le probl\u00e8me est r\u00e9el et il m\u00e9rite d\u2019\u00eatre trait\u00e9 avec beaucoup de s\u00e9rieux. Il s\u2019agit du surpeuplement d\u2019enseignants \u00e0 Ouagadougou. En effet, au primaire par exemple, on peut, dans une m\u00eame salle de classe, voir deux voire trois enseignants si fait que l\u2019on ne sait pas qui fait quoi et pourquoi. Au secondaire, on voit des enseignants qui n\u2019ont pas leur nombre d\u2019heures dues et qui passent le temps \u00e0 faire la vacation. A c\u00f4t\u00e9 d\u2019eux, il y en a qui ont demand\u00e9 des d\u00e9tachements et qui, au final, ne font plus rien comme travail si ce n\u2019est aller toucher son salaire \u00e0 la fin du mois. Pendant ce temps, il y a de nombreuses \u00e9coles en campagne, qui manquent cruellement d\u2019enseignants aussi bien au primaire qu\u2019au secondaire. Or, si les ressources \u00e9taient bien g\u00e9r\u00e9es, il ne devrait pas se poser de probl\u00e8me d\u2019enseignants. C\u2019est pourquoi j\u2019ai applaudi \u00e0 tout rompre \u00e0 l\u2019ouverture du Conseil de cabinet \u00e9largi aux structures centrales, d\u00e9concentr\u00e9es, rattach\u00e9es et de missions du minist\u00e8re de l\u2019Education nationale, de l\u2019alphab\u00e9tisation et de la promotion des langues nationales (MENAPLN), dont l\u2019objectif est de d\u00e9gager une feuille de route pour une gestion rationnelle des ressources dudit minist\u00e8re. C\u2019est une initiative qui m\u00e9rite d\u2019\u00eatre salu\u00e9e \u00e0 sa juste valeur. D\u2019ailleurs, elle n\u2019avait que trop tard\u00e9. Il faut seulement souhaiter que les choses aillent jusqu\u2019au bout. Car, au Burkina, on aime prendre des initiatives qui ne vont pas loin et apr\u00e8s, tout le monde fait semblant d\u2019avoir oubli\u00e9. C\u2019est le cas, par exemple, de la remise \u00e0 plat annonc\u00e9e des salaires que tout le monde avait salu\u00e9e et qui, aujourd\u2019hui, semble rang\u00e9e dans les oubliettes. Cela dit, pour revenir au surpeuplement des enseignants \u00e0 Ouagadougou, je souhaite que l\u2019Etat prenne ses responsabilit\u00e9s. Et il a d\u2019autant plus les coud\u00e9es franches pour le faire qu\u2019il vient d\u2019acc\u00e9der favorablement aux revendications des enseignants.<\/em><\/p>\n<p><strong>Il faudra aussi faire en sorte que les enseignants voient leurs dossiers trait\u00e9s dans les brefs d\u00e9lais \u00e0 la solde<\/strong><\/p>\n<p class=\"c3\"><em>Autant ces derniers se sont montr\u00e9s intraitables, autant l\u2019Etat doit aussi se montrer exigeant vis-\u00e0-vis d\u2019eux. Seulement voil\u00e0, il y a une r\u00e9alit\u00e9 dont il faut absolument tenir compte. Il s\u2019agit du contexte s\u00e9curitaire qui se d\u00e9grade de jour en jour. Et c\u2019est peu dire que la corporation enseignante y a pay\u00e9 un lourd tribut. En effet, ils sont nombreux les enseignants qui ont \u00e9t\u00e9 l\u00e2chement assassin\u00e9s, parfois m\u00eame devant leurs \u00e9l\u00e8ves, par des hommes arm\u00e9s non identifi\u00e9s.<\/em> <em>Comment, dans ces conditions, vouloir que d\u2019autres enseignants acceptent d\u2019aller en zone dangereuse alors m\u00eame que l\u2019Etat n\u2019est pas en mesure d\u2019assurer leur s\u00e9curit\u00e9 ? C\u2019est dire qu\u2019avant d\u2019envisager le red\u00e9ploiement des enseignants \u00e0 travers le pays, l\u2019Etat doit scrupuleusement accomplir l\u2019une de ses missions r\u00e9galiennes qui est d\u2019assurer la s\u00e9curit\u00e9 de tous les citoyens. Et ce n\u2019est pas tout. Il faudra aussi faire en sorte que les enseignants, en l\u2019occurrence les nouveaux qui sont affect\u00e9s en province, voient leurs dossiers trait\u00e9s dans les brefs d\u00e9lais \u00e0 la solde. Je le dis parce que, de par le pass\u00e9, je connais des enseignants qui ont pass\u00e9 plus de deux ans sans le moindre sous. Comment voulez-vous, dans ces conditions, qu\u2019ils puissent dispenser le savoir aux enfants ? Soyons s\u00e9rieux !<\/em><\/p>\n<p><strong>\u00ab\u00a0Le Feu\u00a0\u00bb<\/strong><\/p>\n<p>Auteur: Le Pays<br \/>\n<a href=\"http:\/\/lepays.bf\/redeploiement-annonce-des-enseignants\/\">Cliquez ici pour lire l&rsquo;article depuis sa source.<\/a><\/p>\n","protected":false},"excerpt":{"rendered":"<p>Le probl\u00e8me est r\u00e9el et il m\u00e9rite d\u2019\u00eatre trait\u00e9 avec beaucoup de s\u00e9rieux. Il s\u2019agit du surpeuplement d\u2019enseignants \u00e0 Ouagadougou. En effet, au primaire par exemple, on peut, dans une m\u00eame salle de classe, voir deux voire trois enseignants si fait que l\u2019on ne sait pas qui fait quoi et pourquoi. Au secondaire, on voit [&hellip;]<\/p>\n","protected":false},"author":1813,"featured_media":0,"comment_status":"closed","ping_status":"closed","sticky":false,"template":"","format":"standard","meta":{"fifu_image_url":"","fifu_image_alt":"","footnotes":""},"categories":[73,81],"tags":[],"class_list":["post-40485","post","type-post","status-publish","format-standard","hentry","category-actualite","category-burkina-faso"],"_links":{"self":[{"href":"https:\/\/linitiative.ca\/International\/wp-json\/wp\/v2\/posts\/40485","targetHints":{"allow":["GET"]}}],"collection":[{"href":"https:\/\/linitiative.ca\/International\/wp-json\/wp\/v2\/posts"}],"about":[{"href":"https:\/\/linitiative.ca\/International\/wp-json\/wp\/v2\/types\/post"}],"author":[{"embeddable":true,"href":"https:\/\/linitiative.ca\/International\/wp-json\/wp\/v2\/users\/1813"}],"replies":[{"embeddable":true,"href":"https:\/\/linitiative.ca\/International\/wp-json\/wp\/v2\/comments?post=40485"}],"version-history":[{"count":0,"href":"https:\/\/linitiative.ca\/International\/wp-json\/wp\/v2\/posts\/40485\/revisions"}],"wp:attachment":[{"href":"https:\/\/linitiative.ca\/International\/wp-json\/wp\/v2\/media?parent=40485"}],"wp:term":[{"taxonomy":"category","embeddable":true,"href":"https:\/\/linitiative.ca\/International\/wp-json\/wp\/v2\/categories?post=40485"},{"taxonomy":"post_tag","embeddable":true,"href":"https:\/\/linitiative.ca\/International\/wp-json\/wp\/v2\/tags?post=40485"}],"curies":[{"name":"wp","href":"https:\/\/api.w.org\/{rel}","templated":true}]}}