{"id":40489,"date":"2019-06-13T13:28:37","date_gmt":"2019-06-13T17:28:37","guid":{"rendered":"https:\/\/linitiative.ca\/International\/journee-mondiale-du-donneur-de-sang-le-ministre-de-la-sante-claudine-lougue-sexprime\/"},"modified":"2019-06-13T13:28:37","modified_gmt":"2019-06-13T17:28:37","slug":"journee-mondiale-du-donneur-de-sang-le-ministre-de-la-sante-claudine-lougue-sexprime","status":"publish","type":"post","link":"https:\/\/linitiative.ca\/International\/journee-mondiale-du-donneur-de-sang-le-ministre-de-la-sante-claudine-lougue-sexprime\/","title":{"rendered":"Journ\u00e9e mondiale du donneur de sang : Le Ministre de la sant\u00e9,  Claudine Lougu\u00e9 s\u2019exprime"},"content":{"rendered":"<div class=\"td-post-featured-image\"><a href=\"https:\/\/i2.wp.com\/www.sidwaya.info\/wp-content\/uploads\/2019\/06\/Photos-MSante.jpg?fit=900%2C832&#038;ssl=1\" data-caption=\"\"><img loading=\"lazy\" decoding=\"async\" width=\"696\" height=\"643\" class=\"entry-thumb td-modal-image\" src=\"https:\/\/i2.wp.com\/www.sidwaya.info\/wp-content\/uploads\/2019\/06\/Photos-MSante.jpg?resize=696%2C643&#038;ssl=1\" srcset=\"https:\/\/i2.wp.com\/www.sidwaya.info\/wp-content\/uploads\/2019\/06\/Photos-MSante.jpg?w=900&#038;ssl=1 900w, https:\/\/i2.wp.com\/www.sidwaya.info\/wp-content\/uploads\/2019\/06\/Photos-MSante.jpg?resize=300%2C277&#038;ssl=1 300w, https:\/\/i2.wp.com\/www.sidwaya.info\/wp-content\/uploads\/2019\/06\/Photos-MSante.jpg?resize=768%2C710&#038;ssl=1 768w, https:\/\/i2.wp.com\/www.sidwaya.info\/wp-content\/uploads\/2019\/06\/Photos-MSante.jpg?resize=696%2C643&#038;ssl=1 696w, https:\/\/i2.wp.com\/www.sidwaya.info\/wp-content\/uploads\/2019\/06\/Photos-MSante.jpg?resize=454%2C420&#038;ssl=1 454w\" sizes=\"auto, (max-width: 696px) 100vw, 696px\" alt=\"\" title=\"Photos MSante\"\/><\/a><\/div>\n<div class=\"td-a-rec td-a-rec-id-content_top td_uid_30_5d02c3b61ed05_rand td_block_template_1\"><img loading=\"lazy\" decoding=\"async\" class=\"aligncenter size-full wp-image-4463\" src=\"https:\/\/www.sidwaya.info\/wp-content\/uploads\/2019\/02\/FESPACO-TOUR-2019-Bannie%CC%80re-728x90-1.jpg\" alt=\"\" width=\"728\" height=\"90\"\/><\/div>\n<p><strong>Message de madame le Ministre de la sant\u00e9 \u00e0 l\u2019occasion de la Journ\u00e9e mondiale du donneur de sang, le 14 juin 2019<\/strong><\/p>\n<p>Mesdames et Messieurs,<\/p>\n<p><strong>\u00ab\u00a0Du sang s\u00e9curis\u00e9 pour tous\u00a0\u00bb,<\/strong> tel est le slogan de cette ann\u00e9e pour la Journ\u00e9e mondiale du donneur de sang, c\u00e9l\u00e9br\u00e9e le 14 juin dans le monde. Cette manifestation permet non seulement de remercier les donneurs volontaires et b\u00e9n\u00e9voles pour le geste salvateur qu\u2019ils font en donnant leur sang, mais aussi de sensibiliser l\u2019opinion publique sur la n\u00e9cessit\u00e9 de dons de sang r\u00e9guliers afin d\u2019assurer la disponibilit\u00e9 des produits sanguins de qualit\u00e9 pour la s\u00e9curit\u00e9 des patients qui en ont besoin. Cette disponibilit\u00e9 permanente de ces produits de sant\u00e9 fait partie int\u00e9grante des param\u00e8tres indispensables pour l\u2019atteinte de la couverture sanitaire universelle.<\/p>\n<p>La transfusion sanguine est un acte m\u00e9dical qui sauve des millions de vies chaque ann\u00e9e. Son indication est vitale pour la prise en charge des femmes souffrant d\u2019an\u00e9mie et d\u2019h\u00e9morragies associ\u00e9es \u00e0 la grossesse, \u00e0 l\u2019accouchement et au cancer de l\u2019ut\u00e9rus\u00a0; des enfants souffrant d\u2019an\u00e9mie s\u00e9v\u00e8re due au paludisme ou \u00e0 la malnutrition\u00a0; des patients souffrant de pathologies sanguines ou de la moelle osseuse, de troubles h\u00e9r\u00e9ditaires de l\u2019h\u00e9moglobine et d\u2019affections entra\u00eenant une d\u00e9ficience immunitaire\u00a0; des victimes d\u2019accidents divers en situations d\u2019urgence ; ainsi que des patients soumis \u00e0 des interventions m\u00e9dicales et chirurgicales de pointe. Bien que les besoins en sang et en produits sanguins labiles soient permanents, on observe une variation dans les besoins selon les p\u00e9riodes de l\u2019ann\u00e9e et en fonction de l\u2019incidence de certaines pathologies. En effet, la p\u00e9riode allant de juin \u00e0 octobre est dite \u00ab\u00a0<em>difficile<\/em>\u00a0\u00bb du fait de la recrudescence du paludisme chez les enfants mais aussi de la faiblesse des collectes due \u00e0 la p\u00e9riode des vacances. Ainsi, pendant cette p\u00e9riode \u00ab\u00a0<em>difficile<\/em>\u00a0\u00bb, les services de transfusion sont confront\u00e9s \u00e0 la difficult\u00e9 de satisfaire \u00e0 la mise \u00e0 disposition optimale des patients, suffisamment de sang et de produits sanguins labiles, tout en garantissant leur qualit\u00e9 et leur innocuit\u00e9.<\/p>\n<p>En mai 2005, lors de la cinquante-huiti\u00e8me Assembl\u00e9e mondiale de la Sant\u00e9, les ministres de la sant\u00e9 du monde entier dont le Burkina Faso, ont unanimement souscrit \u00e0 une d\u00e9claration par laquelle ils s\u2019engagent \u00e0 soutenir et promouvoir les dons de sang volontaires. Ainsi, dans la r\u00e9solution WHA58.13, ils ont \u00e9tabli la Journ\u00e9e mondiale du donneur de sang comme une manifestation annuelle organis\u00e9e chaque 14 juin. De plus, cette r\u00e9solution invite instamment les \u00c9tats membres \u00e0 mettre pleinement en \u0153uvre des programmes du sang bien organis\u00e9s, coordonn\u00e9s au niveau national, durables et dot\u00e9s de syst\u00e8mes de r\u00e9glementation appropri\u00e9s. Cela suppose des gouvernements qu\u2019ils assurent un financement suffisant des services de qualit\u00e9 pour le don de sang, ainsi que le d\u00e9veloppement de ces services pour pouvoir collecter suffisamment de sang et r\u00e9pondre aux besoins des patients.<\/p>\n<p>Cette ann\u00e9e, la campagne a pour th\u00e8me <strong><em>le don de sang et l\u2019acc\u00e8s universel \u00e0 des transfusions de sang s\u00e9curis\u00e9 en tant qu\u2019\u00e9l\u00e9ment pour atteindre la couverture sanitaire universelle<\/em><\/strong>. Cette th\u00e9matique vise \u00e0 sensibiliser au besoin universel de sang s\u00e9curis\u00e9 dans la prestation des soins de sant\u00e9 et le r\u00f4le crucial jou\u00e9 par les dons volontaires dans l\u2019av\u00e8nement de la couverture sanitaire universelle dans le monde et au Burkina en particulier. Le th\u00e8me encourage davantage de personnes \u00e0 devenir des donneurs de sang et \u00e0 faire ce geste r\u00e9guli\u00e8rement afin de b\u00e2tir les fondations solides d\u2019un approvisionnement national durable en sang, suffisant pour r\u00e9pondre aux besoins de tous les patients devant recevoir une transfusion sanguine.<\/p>\n<p>La journ\u00e9e et le th\u00e8me sont \u00e9galement un appel \u00e0 l\u2019action, destin\u00e9 \u00e0 tous les gouvernements, \u00e0 toutes les autorit\u00e9s sanitaires nationales et \u00e0 tous les services nationaux de transfusion pour consacrer les ressources suffisantes et mettre en place des syst\u00e8mes et des infrastructures permettant d\u2019augmenter la collecte de sang aupr\u00e8s de donneurs volontaires, b\u00e9n\u00e9voles et r\u00e9guliers\u00a0; de dispenser des soins de qualit\u00e9 aux donneurs\u00a0; de promouvoir et appliquer l\u2019usage clinique appropri\u00e9 du sang\u00a0; et de mettre en place des syst\u00e8mes de contr\u00f4le et de surveillance pour l\u2019ensemble de la cha\u00eene des transfusions sanguines.<\/p>\n<p>Mesdames et Messieurs,<\/p>\n<p>Chaque ann\u00e9e, l\u2019OMS fait le choix d\u2019un pays h\u00f4te de la Journ\u00e9e mondiale du donneur de sang. Cette ann\u00e9e, le Rwanda abritera la manifestation mondiale le 14 juin 2019. Pour cela, le Burkina prendra part \u00e0 cette c\u00e9l\u00e9bration mondiale \u00e0 travers une d\u00e9l\u00e9gation du Centre National de Transfusion Sanguine (CNTS).<\/p>\n<p>Le Burkina Faso c\u00e9l\u00e8brera cette journ\u00e9e en diff\u00e9r\u00e9, le samedi 22 juin 2019 \u00e0 Ouahigouya, dans la r\u00e9gion du Nord. La manifestation de cette ann\u00e9e a pour objectifs\u00a0:<\/p>\n<ul>\n<li>de c\u00e9l\u00e9brer et remercier les personnes qui donnent leur sang et encourager ceux qui ne sont pas encore des donneurs \u00e0 le devenir\u00a0;<\/li>\n<li>de souligner la n\u00e9cessit\u00e9 du don r\u00e9gulier de sang toute l\u2019ann\u00e9e pour maintenir un approvisionnement suffisant et parvenir \u00e0 l\u2019acc\u00e8s universel et rapide aux transfusions de sang s\u00e9curis\u00e9\u00a0;<\/li>\n<li>de diriger l\u2019attention sur la sant\u00e9 des donneurs et sur la qualit\u00e9 des soins qui leur sont dispens\u00e9s, afin d\u2019obtenir d\u2019eux un engagement fort et une volont\u00e9 ferme de donner r\u00e9guli\u00e8rement leur sang\u00a0;<\/li>\n<li>de plaider pour l\u2019int\u00e9gration effective de la transfusion sanguine dans les politiques d\u2019achats strat\u00e9giques de prestation de soins en vue de l\u2019atteinte de la couverture sanitaire universelle\u00a0;<\/li>\n<li>de mobiliser les ressources aux niveaux national, r\u00e9gional et mondial aupr\u00e8s des gouvernements et des partenaires au d\u00e9veloppement, pour investir dans les programmes nationaux de transfusion afin de les renforcer et les inscrire dans la p\u00e9rennit\u00e9.<\/li>\n<\/ul>\n<p>Pour \u00ab <strong><em>du sang s\u00e9curis\u00e9 pour tous\u00a0<\/em><\/strong>\u00bb, mobilisons-nous pour cr\u00e9er une cha\u00eene de solidarit\u00e9 pour sauver des vies, engageons-nous pour des dons volontaires et r\u00e9guliers afin d\u2019atteindre les 114\u00a0000 poches escompt\u00e9es par le centre national de transfusion sanguine (CNTS) en 2019.<\/p>\n<p>Le Ministre de la sant\u00e9<\/p>\n<p><strong><u>Professeur Claudine LOUGUE\/SORGHO<\/u><\/strong><\/p>\n<p><em>Chevalier de l\u2019ordre national<\/em><\/p>\n<div class=\"td-a-rec td-a-rec-id-content_bottom td_uid_31_5d02c3b61eea1_rand td_block_template_1\"><img loading=\"lazy\" decoding=\"async\" class=\"alignright size-full wp-image-1724\" src=\"https:\/\/www.sidwaya.info\/wp-content\/uploads\/2018\/12\/sidwaya-pub.jpg\" alt=\"\" width=\"720\" height=\"90\"\/><\/div>\n<p>Auteur: Wamini SIDWAYA<br \/>\n<a href=\"https:\/\/www.sidwaya.info\/blog\/2019\/06\/13\/journee-mondiale-du-donneur-de-sang-le-ministre-de-la-sante-claudine-lougue-sexprime\/\">Cliquez ici pour lire l&rsquo;article depuis sa source.<\/a><\/p>\n","protected":false},"excerpt":{"rendered":"<p>Message de madame le Ministre de la sant\u00e9 \u00e0 l\u2019occasion de la Journ\u00e9e mondiale du donneur de sang, le 14 juin 2019 Mesdames et Messieurs, \u00ab\u00a0Du sang s\u00e9curis\u00e9 pour tous\u00a0\u00bb, tel est le slogan de cette ann\u00e9e pour la Journ\u00e9e mondiale du donneur de sang, c\u00e9l\u00e9br\u00e9e le 14 juin dans le monde. Cette manifestation permet [&hellip;]<\/p>\n","protected":false},"author":1816,"featured_media":0,"comment_status":"closed","ping_status":"closed","sticky":false,"template":"","format":"standard","meta":{"fifu_image_url":"","fifu_image_alt":"","footnotes":""},"categories":[73,81],"tags":[],"class_list":["post-40489","post","type-post","status-publish","format-standard","hentry","category-actualite","category-burkina-faso"],"_links":{"self":[{"href":"https:\/\/linitiative.ca\/International\/wp-json\/wp\/v2\/posts\/40489","targetHints":{"allow":["GET"]}}],"collection":[{"href":"https:\/\/linitiative.ca\/International\/wp-json\/wp\/v2\/posts"}],"about":[{"href":"https:\/\/linitiative.ca\/International\/wp-json\/wp\/v2\/types\/post"}],"author":[{"embeddable":true,"href":"https:\/\/linitiative.ca\/International\/wp-json\/wp\/v2\/users\/1816"}],"replies":[{"embeddable":true,"href":"https:\/\/linitiative.ca\/International\/wp-json\/wp\/v2\/comments?post=40489"}],"version-history":[{"count":0,"href":"https:\/\/linitiative.ca\/International\/wp-json\/wp\/v2\/posts\/40489\/revisions"}],"wp:attachment":[{"href":"https:\/\/linitiative.ca\/International\/wp-json\/wp\/v2\/media?parent=40489"}],"wp:term":[{"taxonomy":"category","embeddable":true,"href":"https:\/\/linitiative.ca\/International\/wp-json\/wp\/v2\/categories?post=40489"},{"taxonomy":"post_tag","embeddable":true,"href":"https:\/\/linitiative.ca\/International\/wp-json\/wp\/v2\/tags?post=40489"}],"curies":[{"name":"wp","href":"https:\/\/api.w.org\/{rel}","templated":true}]}}