{"id":40492,"date":"2019-06-13T14:25:26","date_gmt":"2019-06-13T18:25:26","guid":{"rendered":"https:\/\/linitiative.ca\/International\/terrorisme-et-fronde-sociale-au-burkina-le-gouvernement-obtient-le-soutien-du-bit-et-espere-celui-de-lonu-g\/"},"modified":"2019-06-13T14:25:26","modified_gmt":"2019-06-13T18:25:26","slug":"terrorisme-et-fronde-sociale-au-burkina-le-gouvernement-obtient-le-soutien-du-bit-et-espere-celui-de-lonu-g","status":"publish","type":"post","link":"https:\/\/linitiative.ca\/International\/terrorisme-et-fronde-sociale-au-burkina-le-gouvernement-obtient-le-soutien-du-bit-et-espere-celui-de-lonu-g\/","title":{"rendered":"Terrorisme et fronde sociale au Burkina: Le gouvernement obtient le soutien du BIT et esp\u00e8re celui de l\u2019ONU-G"},"content":{"rendered":"<div class=\"td-post-featured-image\"><a href=\"https:\/\/i1.wp.com\/www.sidwaya.info\/wp-content\/uploads\/2019\/06\/onu.jpg?fit=900%2C600&#038;ssl=1\" data-caption=\"\"><img loading=\"lazy\" decoding=\"async\" width=\"696\" height=\"464\" class=\"entry-thumb td-modal-image\" src=\"https:\/\/i1.wp.com\/www.sidwaya.info\/wp-content\/uploads\/2019\/06\/onu.jpg?resize=696%2C464&#038;ssl=1\" srcset=\"https:\/\/i1.wp.com\/www.sidwaya.info\/wp-content\/uploads\/2019\/06\/onu.jpg?w=900&#038;ssl=1 900w, https:\/\/i1.wp.com\/www.sidwaya.info\/wp-content\/uploads\/2019\/06\/onu.jpg?resize=300%2C200&#038;ssl=1 300w, https:\/\/i1.wp.com\/www.sidwaya.info\/wp-content\/uploads\/2019\/06\/onu.jpg?resize=768%2C512&#038;ssl=1 768w, https:\/\/i1.wp.com\/www.sidwaya.info\/wp-content\/uploads\/2019\/06\/onu.jpg?resize=696%2C464&#038;ssl=1 696w, https:\/\/i1.wp.com\/www.sidwaya.info\/wp-content\/uploads\/2019\/06\/onu.jpg?resize=630%2C420&#038;ssl=1 630w\" sizes=\"auto, (max-width: 696px) 100vw, 696px\" alt=\"\" title=\"onu\"\/><\/a><\/div>\n<div class=\"td-a-rec td-a-rec-id-content_top td_uid_30_5d02c3be9defa_rand td_block_template_1\"><img loading=\"lazy\" decoding=\"async\" class=\"aligncenter size-full wp-image-4463\" src=\"https:\/\/www.sidwaya.info\/wp-content\/uploads\/2019\/02\/FESPACO-TOUR-2019-Bannie%CC%80re-728x90-1.jpg\" alt=\"\" width=\"728\" height=\"90\"\/><\/div>\n<p><strong>Le chef du gouvernement burkinab\u00e8, Christophe Dabir\u00e9, en qu\u00eate d\u2019un soutien international contre le terrorisme et pour r\u00e9pondre aux nombreuses attentes sociales, a rencontr\u00e9 le directeur g\u00e9n\u00e9ral du Bureau international du travail (BIT) ainsi que le directeur g\u00e9n\u00e9ral de l\u2019Office des nations unies de Gen\u00e8ve (ONU-G), les 12 et 13 juin 2019 dans la capitale suisse.<\/strong><\/p>\n<p>Pour l\u2019instant, ce ne sont que des promesses. Mais le Burkina vient d\u2019obtenir le soutien du Bureau international du Travail (BIT) pour d\u2019une part jouer la m\u00e9diation entre les protagonistes de la fronde sociale pr\u00e9valant dans le pays et, pour d\u2019autre part, financer des projets \u00e0 m\u00eame d\u2019am\u00e9liorer la situation des zones touch\u00e9es par le terrorisme et de faire reculer ce ph\u00e9nom\u00e8ne.<\/p>\n<p>En marge de la 108<sup>e<\/sup> Conf\u00e9rence internationale du Travail, le Premier ministre, Christophe Dabir\u00e9, a en effet confi\u00e9 le jeudi 13 juin 2019 \u00e0 la presse que \u00ab<em>le BIT a promis d\u2019appuyer le Burkina Faso dans le cadre du G5 Sahel pour cr\u00e9er des emplois dans les zones \u00e0 d\u00e9fi s\u00e9curitaire<\/em>\u00bb.<\/p>\n<p>Apr\u00e8s avoir d\u00e9jeun\u00e9 puis discut\u00e9 avec le Directeur g\u00e9n\u00e9ral du BIT, Guy Ryder, M. Dabir\u00e9 s\u2019est montr\u00e9 optimiste sur les promesses qu\u2019il a obtenues. \u00ab<em>Ils (les patrons du BIT) ont dit qu\u2019ils vont mobiliser les ressources pour cela, pour que dans les bandes frontali\u00e8res l\u2019on puisse d\u00e9velopper des projets et des programmes qui puissent s\u00e9dentariser les jeunes, leur donner du travail et \u00e9viter que le terrorisme n\u2019aille puiser dans ces ressources (humaines) l\u00e0, qui doivent contribuer au d\u00e9veloppement de nos diff\u00e9rents pays<\/em>\u00bb.<\/p>\n<p>De l\u2019avis du Premier ministre Dabir\u00e9, l\u2019id\u00e9e du BIT a \u00e9t\u00e9 longuement murie et pourrait \u00eatre mise en \u0153uvre dans un d\u00e9lai raisonnable. \u00ab<em>Ce projet est d\u00e9j\u00e0 suffisamment avanc\u00e9. Je pense qu\u2019il sera bient\u00f4t adopt\u00e9 et qu\u2019on pourra passer \u00e0 l\u2019action d\u00e8s lors que le conseil d\u2019administration (du BIT, ndlr) aura donn\u00e9 son accord<\/em>\u00bb, a-t-il ajout\u00e9.<\/p>\n<p><strong>Une mission pour rasseoir les protagonistes sur la table du dialogue<\/strong><\/p>\n<p>En plus de l\u2019initiative de soutenir le d\u00e9velopper des zones affect\u00e9es par les attaques terroristes, M. Dabir\u00e9 a aussi obtenu du BIT une m\u00e9diation destin\u00e9e \u00e0 apaiser le climat social et \u00e0 r\u00e9unir tous les protagonistes de la fronde sociale qui pr\u00e9vaut actuellement au Burkina Faso.<\/p>\n<p>La m\u00e9diation devrait se traduire par une mission \u00e0 Ouagadougou qui va r\u00e9unir \u00ab<em>tous les protagonistes autour d\u2019une table<\/em>\u00bb pour \u00e9changer sur les points de crispations en vue de sortir le pays de cette crise sociale.<\/p>\n<p>On e\u00fbt dit que le Premier ministre a tout demand\u00e9 au secr\u00e9tariat permanent de l\u2019Organisation internationale du Travail. Car en effet, il a aussi sollicit\u00e9 l\u2019appui du BIT pour la relecture du code de travail, bloqu\u00e9e par le patronat, selon les syndicats.<\/p>\n<p>\u00ab<em>Aujourd\u2019hui nous avons un certain nombre de points de crispations, bien s\u00fbr, quand vous mettez les travailleurs et le patronat face-\u00e0-face les travailleurs veulent plus, le patronat traine des quatre fers et forc\u00e9ment il y a des probl\u00e8mes<\/em>\u00bb, analyse le chef de l\u2019ex\u00e9cutif.<\/p>\n<p><strong>Le PUS, partout o\u00f9 besoin sera<\/strong><\/p>\n<p>Apr\u00e8s le BIT, c\u2019est aupr\u00e8s du patron de l\u2019ONU-G, Michael Moller, que le chef du gouvernement burkinab\u00e8 est all\u00e9 vendre son id\u00e9e du travail d\u00e9cent pour tous, y compris les employ\u00e9s du secteur informel ainsi que son projet d\u2019\u00e9largir le programme d\u2019urgence pour le Sahel Burkina (PUS Burkina) \u00e0 toutes les r\u00e9gions touch\u00e9es ou menac\u00e9es par les attaques terroristes.<\/p>\n<p>L\u2019office des Nations Unies \u00e0 Gen\u00e8ve est la repr\u00e9sentation du secr\u00e9tariat g\u00e9n\u00e9ral de l\u2019ONU dans la capitale Suisse. Il coordonne les institutions onusiennes qui y sont implant\u00e9s, jouant un r\u00f4le cardinal dans la d\u00e9finition et l\u2019orientation des strat\u00e9gies de d\u00e9veloppement dural et dans la diplomatie multilat\u00e9rale.<\/p>\n<p><em>\u00abNous avons parl\u00e9 du\u00a0 Programme d\u2019urgence pour le Sahel du Burkina Faso (\u2026) et nous avons exprim\u00e9 nos attentes vis-\u00e0-vis de la communaut\u00e9 internationale\u00a0 qui doit nous accompagner\u00a0 pour la mise en \u0153uvre de ce programme\u00bb,<\/em> a expliqu\u00e9 M. Dabir\u00e9 \u00e0 sa sortie d\u2019audience avec M. Moller le 13 juin 2019.<\/p>\n<p>Le Premier ministre a dit avoir pr\u00e9cis\u00e9 au patron de l\u2019Office des nations unis que si les efforts de d\u00e9veloppement venaient \u00e0 se stopper dans les zones affect\u00e9es, le terrain deviendra libre et propice au d\u00e9veloppement du terrorisme.<\/p>\n<p>C\u2019est avec optimiste qu\u2019il a quitt\u00e9 le bureau du directeur de l\u2019Office, r\u00e9v\u00e9lant \u00e0 la presse que son h\u00f4te a promis de poursuivre un plaidoyer d\u00e9j\u00e0 entam\u00e9 aupr\u00e8s de l\u2019ensemble de la communaut\u00e9 internationale, des investisseurs et des priv\u00e9s, afin de trouver des ressources pour financer des projets \u00e0 m\u00eame de contribuer au d\u00e9veloppement durable dans le pays, dans le cadre du PUS-BF.<\/p>\n<p><strong>Aim\u00e9 Mouor KAMBIRE<\/strong><\/p>\n<p>Depuis Gen\u00e8ve<\/p>\n<div class=\"td-a-rec td-a-rec-id-content_bottom td_uid_31_5d02c3be9e094_rand td_block_template_1\"><img loading=\"lazy\" decoding=\"async\" class=\"alignright size-full wp-image-1724\" src=\"https:\/\/www.sidwaya.info\/wp-content\/uploads\/2018\/12\/sidwaya-pub.jpg\" alt=\"\" width=\"720\" height=\"90\"\/><\/div>\n<p>Auteur: BS. Sidwaya<br \/>\n<a href=\"https:\/\/www.sidwaya.info\/blog\/2019\/06\/13\/terrorisme-et-fronde-sociale-au-burkina-le-gouvernement-obtient-le-soutien-du-bit-et-espere-celui-de-lonu-g\/\">Cliquez ici pour lire l&rsquo;article depuis sa source.<\/a><\/p>\n","protected":false},"excerpt":{"rendered":"<p>Le chef du gouvernement burkinab\u00e8, Christophe Dabir\u00e9, en qu\u00eate d\u2019un soutien international contre le terrorisme et pour r\u00e9pondre aux nombreuses attentes sociales, a rencontr\u00e9 le directeur g\u00e9n\u00e9ral du Bureau international du travail (BIT) ainsi que le directeur g\u00e9n\u00e9ral de l\u2019Office des nations unies de Gen\u00e8ve (ONU-G), les 12 et 13 juin 2019 dans la capitale [&hellip;]<\/p>\n","protected":false},"author":1816,"featured_media":0,"comment_status":"closed","ping_status":"closed","sticky":false,"template":"","format":"standard","meta":{"fifu_image_url":"","fifu_image_alt":"","footnotes":""},"categories":[73,81],"tags":[],"class_list":["post-40492","post","type-post","status-publish","format-standard","hentry","category-actualite","category-burkina-faso"],"_links":{"self":[{"href":"https:\/\/linitiative.ca\/International\/wp-json\/wp\/v2\/posts\/40492","targetHints":{"allow":["GET"]}}],"collection":[{"href":"https:\/\/linitiative.ca\/International\/wp-json\/wp\/v2\/posts"}],"about":[{"href":"https:\/\/linitiative.ca\/International\/wp-json\/wp\/v2\/types\/post"}],"author":[{"embeddable":true,"href":"https:\/\/linitiative.ca\/International\/wp-json\/wp\/v2\/users\/1816"}],"replies":[{"embeddable":true,"href":"https:\/\/linitiative.ca\/International\/wp-json\/wp\/v2\/comments?post=40492"}],"version-history":[{"count":0,"href":"https:\/\/linitiative.ca\/International\/wp-json\/wp\/v2\/posts\/40492\/revisions"}],"wp:attachment":[{"href":"https:\/\/linitiative.ca\/International\/wp-json\/wp\/v2\/media?parent=40492"}],"wp:term":[{"taxonomy":"category","embeddable":true,"href":"https:\/\/linitiative.ca\/International\/wp-json\/wp\/v2\/categories?post=40492"},{"taxonomy":"post_tag","embeddable":true,"href":"https:\/\/linitiative.ca\/International\/wp-json\/wp\/v2\/tags?post=40492"}],"curies":[{"name":"wp","href":"https:\/\/api.w.org\/{rel}","templated":true}]}}