{"id":40497,"date":"2019-06-13T15:18:05","date_gmt":"2019-06-13T19:18:05","guid":{"rendered":"https:\/\/linitiative.ca\/International\/le-secteur-prive-ivoirien-invite-a-prendre-toute-sa-part-dans-la-lutte-contre-lerosion-cotiere\/"},"modified":"2019-06-13T15:18:05","modified_gmt":"2019-06-13T19:18:05","slug":"le-secteur-prive-ivoirien-invite-a-prendre-toute-sa-part-dans-la-lutte-contre-lerosion-cotiere","status":"publish","type":"post","link":"https:\/\/linitiative.ca\/International\/le-secteur-prive-ivoirien-invite-a-prendre-toute-sa-part-dans-la-lutte-contre-lerosion-cotiere\/","title":{"rendered":"Le secteur priv\u00e9 ivoirien invit\u00e9 \u00e0 \u00ab prendre toute sa part\u00bb dans la lutte contre l\u2019\u00e9rosion c\u00f4ti\u00e8re"},"content":{"rendered":"<div readability=\"32\">\n<p>Publi\u00e9 le 13.06.2019 \u00e0 20h18 par APA News<\/p>\n<\/div>\n<div readability=\"102\">\n<p>Le secteur priv\u00e9 ivoirien a \u00e9t\u00e9 invit\u00e9 jeudi \u00e0 Abidjan \u00e0 \u00ab prendre toute sa part\u00bb dans la lutte contre l\u2019\u00e9rosion c\u00f4ti\u00e8re et les effets pervers des changements climatiques sur le littoral ouest-africain, a constat\u00e9 APA sur place dans la capitale \u00e9conomique ivoirienne.Cet \u00a0appel a \u00e9t\u00e9 lanc\u00e9 \u00a0au patronat ivoirien \u00e0 l\u2019occasion d\u2019un atelier de \u00a0sensibilisation des acteurs du secteur priv\u00e9 sur le projet \u00a0d\u2019investissement pour la r\u00e9silience des zones c\u00f4ti\u00e8res ouest africaines ( \u00a0WACA) organis\u00e9 autour du th\u00e8me : \u00ab Comment impliquer davantage le \u00a0secteur priv\u00e9 ivoirien dans la mise en oeuvre d\u2019actions pour renforcer \u00a0la r\u00e9silience du littoral ouest africain face aux changements \u00a0climatiques ? \u00bb.\u00a0<\/p>\n<p>Ce projet d\u00e9nomm\u00e9 WACA, financ\u00e9 en C\u00f4te d\u2019Ivoire \u00e0 \u00a0hauteur de 15,8 milliards FCFA par la Banque mondiale de concert avec \u00a0les autorit\u00e9s ivoiriennes et des partenaires au d\u00e9veloppement \u00e0 une \u00a0dur\u00e9e de cinq ans dans le pays. Il vise notamment \u00e0 renforcer la \u00a0r\u00e9silience du littoral dans la sous-r\u00e9gion.\u00a0<\/p>\n<p>\u00ab Ce atelier permet \u00a0d\u2019appeler le secteur priv\u00e9 ivoirien \u00e0 prendre toute sa part dans la \u00a0lutte contre l\u2019\u00e9rosion c\u00f4ti\u00e8re et les effets pervers du changement \u00a0climatique\u00bb, a dit Pr Ochou Delphin, le coordonnateur du projet WACA en \u00a0C\u00f4te d\u2019Ivoire estimant que ce ph\u00e9nom\u00e8ne ( \u00e9rosion c\u00f4ti\u00e8re) menace les \u00a0entreprises \u00ab \u00e0 court, moyen et long terme \u00bb.\u00a0<\/p>\n<p>Auparavant, il a fait \u00a0remarquer que l\u2019\u00e9rosion c\u00f4ti\u00e8re et le changement climatique menacent les \u00a0\u00ab infrastructures de premier plan\u00bb de la C\u00f4te d\u2019Ivoire. \u00ab Un diagnostic \u00a0en C\u00f4te d\u2019Ivoire a permis d\u2019identifier cinq points chauds, entendez \u00a0points sensibles au ph\u00e9nom\u00e8ne de l\u2019\u00e9rosion c\u00f4ti\u00e8re \u00e0 savoir San-Pedro, \u00a0Grand-Lahou, Abidjan Port-Bo\u00fcet, Grand-Bassam et Assinie\u00bb, a rappel\u00e9 Pr \u00a0Ochou soulignant \u00a0que le projet WACA vise \u00e0 mettre en \u00e9vidence des \u00ab \u00a0mesures multi-sectorielles\u00bb \u00a0qui peuvent apporter des \u00absolutions \u00a0viables\u00bb aux \u00a0probl\u00e9matiques de gestion des sols et d\u2019am\u00e9nagement du \u00a0territoire.\u00a0<\/p>\n<p>De son avis, le secteur priv\u00e9 ivoirien, tr\u00e8s pr\u00e9sent dans \u00a0les zones c\u00f4ti\u00e8res du pays, est un \u00ab acteur cl\u00e9 \u00bb \u00a0dans la gestion \u00a0int\u00e9gr\u00e9e du littoral. C\u2019est pourquoi, Pr Ochou a estim\u00e9 que son \u00a0implication ( le secteur priv\u00e9 ivoirien) appara\u00eet comme une \u00ab priorit\u00e9 \u00bb \u00a0pour le succ\u00e8s de la lutte contre l\u2019\u00e9rosion c\u00f4ti\u00e8re.<\/p>\n<p>\u00a0\u00ab La grande \u00a0majorit\u00e9 des entreprises de C\u00f4te d\u2019Ivoire sont implant\u00e9es sur le \u00a0littoral. Chaque jour, elles sont soumises aux effets de l\u2019\u00e9rosion \u00a0c\u00f4ti\u00e8re. Il faut pr\u00e9server les infrastructures c\u00f4ti\u00e8res si nous voulons \u00a0p\u00e9renniser nos activit\u00e9s \u00bb a conseill\u00e9 \u00a0pour sa part, M. Claude Koutouan \u00a0au nom de la Conf\u00e9d\u00e9ration g\u00e9n\u00e9rale des entreprises de C\u00f4te d\u2019Ivoire ( \u00a0CGECI, patronat ivoirien).\u00a0<\/p>\n<p>Poursuivant, le repr\u00e9sentant du patronat \u00a0ivoirien a r\u00e9affirm\u00e9 l\u2019int\u00e9r\u00eat que son institution apporte aux questions \u00a0environnementales esp\u00e9rant que cet atelier permette de rendre \u00ab nos \u00a0entreprises moins vuln\u00e9rables \u00bb. De son c\u00f4t\u00e9, M\u00e9lissa Landesz, la cheffe \u00a0du projet WACA \u00e0 la Banque mondiale a appel\u00e9 \u00e0, son tour, le secteur \u00a0priv\u00e9 ivoirien \u00e0 s\u2019impliquer davantage pour la gestion int\u00e9gr\u00e9e du \u00a0littoral. \u00ab C\u2019est en mutualisant nos efforts que nous arriverons \u00e0 des \u00a0r\u00e9sultats concrets \u00bb, a-t-elle estim\u00e9.<\/p>\n<p>\u00a0Selon la Banque mondiale, un \u00a0tiers des habitants de l\u2019Afrique de l\u2019ouest vivent sur le littoral et \u00a0les zones c\u00f4ti\u00e8res sont \u00e0 l\u2019origine de 56% du PIB de la r\u00e9gion. Le \u00a0projet WACA, financ\u00e9 par la Banque mondiale et mis en oeuvre dans six \u00a0pays ( C\u00f4te d\u2019Ivoire, S\u00e9n\u00e9gal, B\u00e9nin, Togo, Mauritanie, Sao Tom\u00e9 et \u00a0Principe) entend contribuer au d\u00e9veloppement durable du littoral ouest \u00a0africain en luttant contre l\u2019\u00e9rosion et les inondations c\u00f4ti\u00e8res.<\/p>\n<\/div>\n<p>Auteur: APA News<br \/>\n<a href=\"https:\/\/www.journalducameroun.com\/le-secteur-prive-ivoirien-invite-a-prendre-toute-sa-part-dans-la-lutte-contre-lerosion-cotiere\/\">Cliquez ici pour lire l&rsquo;article depuis sa source.<\/a><\/p>\n","protected":false},"excerpt":{"rendered":"<p>Publi\u00e9 le 13.06.2019 \u00e0 20h18 par APA News Le secteur priv\u00e9 ivoirien a \u00e9t\u00e9 invit\u00e9 jeudi \u00e0 Abidjan \u00e0 \u00ab prendre toute sa part\u00bb dans la lutte contre l\u2019\u00e9rosion c\u00f4ti\u00e8re et les effets pervers des changements climatiques sur le littoral ouest-africain, a constat\u00e9 APA sur place dans la capitale \u00e9conomique ivoirienne.Cet \u00a0appel a \u00e9t\u00e9 lanc\u00e9 [&hellip;]<\/p>\n","protected":false},"author":1965,"featured_media":0,"comment_status":"closed","ping_status":"closed","sticky":false,"template":"","format":"standard","meta":{"fifu_image_url":"","fifu_image_alt":"","footnotes":""},"categories":[73,82],"tags":[],"class_list":["post-40497","post","type-post","status-publish","format-standard","hentry","category-actualite","category-cameroun"],"_links":{"self":[{"href":"https:\/\/linitiative.ca\/International\/wp-json\/wp\/v2\/posts\/40497","targetHints":{"allow":["GET"]}}],"collection":[{"href":"https:\/\/linitiative.ca\/International\/wp-json\/wp\/v2\/posts"}],"about":[{"href":"https:\/\/linitiative.ca\/International\/wp-json\/wp\/v2\/types\/post"}],"author":[{"embeddable":true,"href":"https:\/\/linitiative.ca\/International\/wp-json\/wp\/v2\/users\/1965"}],"replies":[{"embeddable":true,"href":"https:\/\/linitiative.ca\/International\/wp-json\/wp\/v2\/comments?post=40497"}],"version-history":[{"count":0,"href":"https:\/\/linitiative.ca\/International\/wp-json\/wp\/v2\/posts\/40497\/revisions"}],"wp:attachment":[{"href":"https:\/\/linitiative.ca\/International\/wp-json\/wp\/v2\/media?parent=40497"}],"wp:term":[{"taxonomy":"category","embeddable":true,"href":"https:\/\/linitiative.ca\/International\/wp-json\/wp\/v2\/categories?post=40497"},{"taxonomy":"post_tag","embeddable":true,"href":"https:\/\/linitiative.ca\/International\/wp-json\/wp\/v2\/tags?post=40497"}],"curies":[{"name":"wp","href":"https:\/\/api.w.org\/{rel}","templated":true}]}}