{"id":40498,"date":"2019-06-13T16:18:04","date_gmt":"2019-06-13T20:18:04","guid":{"rendered":"https:\/\/linitiative.ca\/International\/abidjan-et-lisbonne-signent-quatre-accords-de-cooperation\/"},"modified":"2019-06-13T16:18:04","modified_gmt":"2019-06-13T20:18:04","slug":"abidjan-et-lisbonne-signent-quatre-accords-de-cooperation","status":"publish","type":"post","link":"https:\/\/linitiative.ca\/International\/abidjan-et-lisbonne-signent-quatre-accords-de-cooperation\/","title":{"rendered":"Abidjan et Lisbonne signent quatre accords de coop\u00e9ration"},"content":{"rendered":"<div readability=\"32\">\n<p>Publi\u00e9 le 13.06.2019 \u00e0 21h18 par APA News<\/p>\n<\/div>\n<div readability=\"65\">\n<p>Quatre accords ont \u00e9t\u00e9 sign\u00e9s, jeudi entre la C\u00f4te d\u2019Ivoire et le Portugal relatifs \u00e0 la protection des investissements, au tourisme \u00e0 la formation et \u00e0 l\u2019assainissement, a constat\u00e9 APA sur place dans la capitale \u00e9conomique ivoirienne.Ces \u00a0accords ont \u00e9t\u00e9 sign\u00e9s par les ministres en charge de ces portefeuilles \u00a0en pr\u00e9sence des chefs d\u2019Etats ivoirien Alassane Ouattara et \u00a0portugais, \u00a0Marcelo Rebelo De Sousa dans le cadre de la visite d\u2019Etat de \u00a0ce dernier en terre ivoirienne.<\/p>\n<p>\u00a0Le \u00a0premier accord porte sur la promotion et la protection r\u00e9ciproque \u00a0des \u00a0investissements. Quant au second, \u00a0il s\u2019agit d\u2019un \u00a0protocole de \u00a0coop\u00e9ration dans les domaines de l\u2019assainissement et de la valorisation \u00a0des d\u00e9chets solides entre le ministre ivoirien de l\u2019assainissement et de \u00a0la salubrit\u00e9 et le ministre portugais de l\u2019environnement et de la \u00a0transition \u00e9nerg\u00e9tique.<\/p>\n<p>Dans le domaine touristique, les deux pays se sont engag\u00e9s dans le domaine de \u00a0la formation touristique.<\/p>\n<p>La formation professionnelle constitue le quatri\u00e8me de ces signatures \u00a0qui ont eu pour cadre le palais pr\u00e9sidentiel ivoirien.<\/p>\n<p>En \u00a0mai dernier, dans le cadre de \u00a0la 3\u00e8me session de la Commission \u00a0bilat\u00e9rale ivoiro-portugaise \u00e0 Abidjan pr\u00e9sid\u00e9e par \u00a0les ministres des \u00a0affaires \u00e9trang\u00e8res \u00a0Augusto Santos Silva (Portugal) et Marcel Amon Tanoh \u00a0(C\u00f4te d\u2019Ivoire), trois accords de coop\u00e9ration dans les domaines de \u00a0l\u2019administration, du sport et de l\u2019\u00e9ducation avait \u00a0\u00e9t\u00e9 sign\u00e9s.<\/p>\n<p>\u00a0Un forum \u00e9conomique ivoiro-portugais s\u2019est ouvert \u00e0 Abidjan .<\/p>\n<p>Les \u00a0deux pays ont d\u00e9cid\u00e9 de booster leur coop\u00e9ration dans divers domaines \u00a0.Les premi\u00e8res relations diplomatique en la C\u00f4te d\u2019Ivoire et le Portugal \u00a0datent du \u00a029 janvier 1975.<\/p>\n<\/div>\n<p>Auteur: APA News<br \/>\n<a href=\"https:\/\/www.journalducameroun.com\/abidjan-et-lisbonne-signent-quatre-accords-de-cooperation\/\">Cliquez ici pour lire l&rsquo;article depuis sa source.<\/a><\/p>\n","protected":false},"excerpt":{"rendered":"<p>Publi\u00e9 le 13.06.2019 \u00e0 21h18 par APA News Quatre accords ont \u00e9t\u00e9 sign\u00e9s, jeudi entre la C\u00f4te d\u2019Ivoire et le Portugal relatifs \u00e0 la protection des investissements, au tourisme \u00e0 la formation et \u00e0 l\u2019assainissement, a constat\u00e9 APA sur place dans la capitale \u00e9conomique ivoirienne.Ces \u00a0accords ont \u00e9t\u00e9 sign\u00e9s par les ministres en charge de [&hellip;]<\/p>\n","protected":false},"author":1965,"featured_media":0,"comment_status":"closed","ping_status":"closed","sticky":false,"template":"","format":"standard","meta":{"fifu_image_url":"","fifu_image_alt":"","footnotes":""},"categories":[73,82],"tags":[],"class_list":["post-40498","post","type-post","status-publish","format-standard","hentry","category-actualite","category-cameroun"],"_links":{"self":[{"href":"https:\/\/linitiative.ca\/International\/wp-json\/wp\/v2\/posts\/40498","targetHints":{"allow":["GET"]}}],"collection":[{"href":"https:\/\/linitiative.ca\/International\/wp-json\/wp\/v2\/posts"}],"about":[{"href":"https:\/\/linitiative.ca\/International\/wp-json\/wp\/v2\/types\/post"}],"author":[{"embeddable":true,"href":"https:\/\/linitiative.ca\/International\/wp-json\/wp\/v2\/users\/1965"}],"replies":[{"embeddable":true,"href":"https:\/\/linitiative.ca\/International\/wp-json\/wp\/v2\/comments?post=40498"}],"version-history":[{"count":0,"href":"https:\/\/linitiative.ca\/International\/wp-json\/wp\/v2\/posts\/40498\/revisions"}],"wp:attachment":[{"href":"https:\/\/linitiative.ca\/International\/wp-json\/wp\/v2\/media?parent=40498"}],"wp:term":[{"taxonomy":"category","embeddable":true,"href":"https:\/\/linitiative.ca\/International\/wp-json\/wp\/v2\/categories?post=40498"},{"taxonomy":"post_tag","embeddable":true,"href":"https:\/\/linitiative.ca\/International\/wp-json\/wp\/v2\/tags?post=40498"}],"curies":[{"name":"wp","href":"https:\/\/api.w.org\/{rel}","templated":true}]}}