{"id":40499,"date":"2019-06-13T16:18:08","date_gmt":"2019-06-13T20:18:08","guid":{"rendered":"https:\/\/linitiative.ca\/International\/burkina-le-plus-jeune-candidat-au-bac-2019-age-de-14-ans-officiel\/"},"modified":"2019-06-13T16:18:08","modified_gmt":"2019-06-13T20:18:08","slug":"burkina-le-plus-jeune-candidat-au-bac-2019-age-de-14-ans-officiel","status":"publish","type":"post","link":"https:\/\/linitiative.ca\/International\/burkina-le-plus-jeune-candidat-au-bac-2019-age-de-14-ans-officiel\/","title":{"rendered":"Burkina: le plus jeune candidat au Bac 2019 \u00e2g\u00e9 de 14 ans (officiel)"},"content":{"rendered":"<div readability=\"32\">\n<p>Publi\u00e9 le 13.06.2019 \u00e0 21h18 par APA News<\/p>\n<\/div>\n<div readability=\"63\">\n<p>Le plus jeune candidat au Baccalaur\u00e9at session 2019 au Burkina Faso est \u00e2g\u00e9 de 14 ans, a-t-on appris \u00e0 l\u2019issue de l\u2019hebdomadaire conseil des ministres.Selon le compte rendu de la r\u00e9union gouvernementale dont APA a re\u00e7u copie, cet \u00e9l\u00e8ve (son nom et son \u00e9tablissement n\u2019ont pas \u00e9t\u00e9 pr\u00e9cis\u00e9s) est inscrit \u00e0 Bouss\u00e9 dans la province du Kourw\u00e9ogo, localit\u00e9 situ\u00e9e \u00e0 une cinquantaine de kilom\u00e8tres au Nord de Ouagadougou. \u00a0<\/p>\n<p>Le m\u00eame document pr\u00e9cise que le ministre de l\u2019Enseignement sup\u00e9rieur, de la Recherche scientifique et de l\u2019Innovation a inform\u00e9 le Conseil de l\u2019organisation de la session 2019 du baccalaur\u00e9at du 21 juin au 09 juillet 2019.<\/p>\n<p>\u00abPour cette session 110 508 candidats au total dont 40,74% de filles, sont inscrits dans 412 jurys\u00bb, renseigne le compte rendu du Conseil des ministres qui souligne \u00e9galement que le lancement officiel des compositions aura lieu le 21 juin \u00e0 Koudougou dans la r\u00e9gion du Centre-Ouest.<\/p>\n<p>La phase \u00e9crite de la session 2019 des examens scolaires au Burkina Faso a d\u00e9but\u00e9 le 6 juin dernier avec le Brevet d\u2019\u00e9tudes premier cycle (PEPC) et le Certificat d\u2019aptitude professionnelle (CAP).<\/p>\n<p>Du 11 au 13 juin, ce sont les candidats au Certificat d\u2019\u00e9tudes primaires (CEP) qui \u00e9taient en compositions.<\/p>\n<p>Ces examens scolaires se d\u00e9roulent dans un contexte s\u00e9curitaire d\u00e9l\u00e9t\u00e8re d\u00fb au terrorisme dans certaines zones du pays, obligeant l\u2019Etat \u00e0 pr\u00e9voir des sessions sp\u00e9ciales dans lesdites localit\u00e9s. \u00a0<\/p>\n<\/div>\n<p>Auteur: APA News<br \/>\n<a href=\"https:\/\/www.journalducameroun.com\/burkina-le-plus-jeune-candidat-au-bac-2019-age-de-14-ans-officiel\/\">Cliquez ici pour lire l&rsquo;article depuis sa source.<\/a><\/p>\n","protected":false},"excerpt":{"rendered":"<p>Publi\u00e9 le 13.06.2019 \u00e0 21h18 par APA News Le plus jeune candidat au Baccalaur\u00e9at session 2019 au Burkina Faso est \u00e2g\u00e9 de 14 ans, a-t-on appris \u00e0 l\u2019issue de l\u2019hebdomadaire conseil des ministres.Selon le compte rendu de la r\u00e9union gouvernementale dont APA a re\u00e7u copie, cet \u00e9l\u00e8ve (son nom et son \u00e9tablissement n\u2019ont pas \u00e9t\u00e9 [&hellip;]<\/p>\n","protected":false},"author":1965,"featured_media":0,"comment_status":"closed","ping_status":"closed","sticky":false,"template":"","format":"standard","meta":{"fifu_image_url":"","fifu_image_alt":"","footnotes":""},"categories":[73,82],"tags":[],"class_list":["post-40499","post","type-post","status-publish","format-standard","hentry","category-actualite","category-cameroun"],"_links":{"self":[{"href":"https:\/\/linitiative.ca\/International\/wp-json\/wp\/v2\/posts\/40499","targetHints":{"allow":["GET"]}}],"collection":[{"href":"https:\/\/linitiative.ca\/International\/wp-json\/wp\/v2\/posts"}],"about":[{"href":"https:\/\/linitiative.ca\/International\/wp-json\/wp\/v2\/types\/post"}],"author":[{"embeddable":true,"href":"https:\/\/linitiative.ca\/International\/wp-json\/wp\/v2\/users\/1965"}],"replies":[{"embeddable":true,"href":"https:\/\/linitiative.ca\/International\/wp-json\/wp\/v2\/comments?post=40499"}],"version-history":[{"count":0,"href":"https:\/\/linitiative.ca\/International\/wp-json\/wp\/v2\/posts\/40499\/revisions"}],"wp:attachment":[{"href":"https:\/\/linitiative.ca\/International\/wp-json\/wp\/v2\/media?parent=40499"}],"wp:term":[{"taxonomy":"category","embeddable":true,"href":"https:\/\/linitiative.ca\/International\/wp-json\/wp\/v2\/categories?post=40499"},{"taxonomy":"post_tag","embeddable":true,"href":"https:\/\/linitiative.ca\/International\/wp-json\/wp\/v2\/tags?post=40499"}],"curies":[{"name":"wp","href":"https:\/\/api.w.org\/{rel}","templated":true}]}}