{"id":40500,"date":"2019-06-13T16:18:09","date_gmt":"2019-06-13T20:18:09","guid":{"rendered":"https:\/\/linitiative.ca\/International\/cote-divoire-bedie-invite-a-ne-pas-rompre-le-dialogue-avec-ouattara\/"},"modified":"2019-06-13T16:18:09","modified_gmt":"2019-06-13T20:18:09","slug":"cote-divoire-bedie-invite-a-ne-pas-rompre-le-dialogue-avec-ouattara","status":"publish","type":"post","link":"https:\/\/linitiative.ca\/International\/cote-divoire-bedie-invite-a-ne-pas-rompre-le-dialogue-avec-ouattara\/","title":{"rendered":"C\u00f4te d\u2019Ivoire: B\u00e9di\u00e9 invit\u00e9 \u00e0 \u00ab ne pas rompre le dialogue\u00bb avec Ouattara"},"content":{"rendered":"<div readability=\"32\">\n<p>Publi\u00e9 le 13.06.2019 \u00e0 21h18 par APA News<\/p>\n<\/div>\n<div readability=\"90\">\n<p>Le R\u00e9seau Ouest africain pour l\u2019\u00e9dification de la paix ( WANEP-C\u00f4te d\u2019Ivoire), une organisation de la soci\u00e9t\u00e9 civile, a recommand\u00e9 dans une d\u00e9claration transmise jeudi \u00e0 APA, \u00e0 Henri Konan B\u00e9di\u00e9, le pr\u00e9sident du Parti d\u00e9mocratique de C\u00f4te d\u2019Ivoire ( PDCI, ex-alli\u00e9 au pouvoir) de \u00ab ne pas rompre le dialogue\u00bb avec le pr\u00e9sident ivoirien Alassane Ouattara, son ancien alli\u00e9 politique.\u00ab Le WANEP recommande au pr\u00e9sident B\u00e9di\u00e9 de ne pas rompre le \u00a0dialogue avec son alli\u00e9 d\u2019hier et de bien vouloir utiliser les canaux \u00a0plus diplomatiques si des informations sensibles n\u00e9cessitent une \u00a0r\u00e9action de sa part. De ne pas oublier que son statut d\u2019ancien pr\u00e9sident \u00a0de la R\u00e9publique l\u2019oblige \u00e0 une certaine r\u00e9serve dans ses d\u00e9clarations \u00a0publiques \u00bb, a indiqu\u00e9 le WANEP dans cette d\u00e9claration.\u00a0<\/p>\n<p>La r\u00e9action de \u00a0cette organisation intervient quelques jours apr\u00e8s une d\u00e9claration de M. \u00a0B\u00e9di\u00e9 sur l\u2019orpaillage clandestin, les conflits inter-communautaires et \u00a0la fraude sur l\u2019identit\u00e9 dans le pays. Une d\u00e9claration qui a suscit\u00e9 la \u00a0pol\u00e9mique en C\u00f4te d\u2019Ivoire.\u00a0<\/p>\n<p>\u00ab Tr\u00e8s prochainement, je parlerai des faits \u00a0troublants. D\u2019abord les conflits inter-communautaires, ensuite de ce \u00a0que recouvre le ph\u00e9nom\u00e8ne de l\u2019orpaillage clandestin en C\u00f4te d\u2019Ivoire\u2026 \u00a0On fait venir des \u00e9trangers arm\u00e9s qui sont stationn\u00e9s maintenant dans \u00a0beaucoup de villages\u2026 Il faut que nous r\u00e9agissions pour que les \u00a0ivoiriens ne soient pas \u00e9trangers chez eux. Car, actuellement, on fait \u00a0en sorte que l\u2019Ivoirien soit \u00e9tranger chez lui. Mais, les ivoiriens \u00a0n\u2019accepteront jamais cela\u2026 \u00bb, avait, entre autres, soutenu M. B\u00e9di\u00e9 le \u00a005 juin dernier \u00e0 Daoukro ( Centre-est) alors qu\u2019il recevait une \u00a0d\u00e9l\u00e9gation de son parti.<\/p>\n<p>\u00a0Le gouvernement ivoirien et le Rassemblement \u00a0des Houphou\u00ebtistes pour la d\u00e9mocratie et la paix ( Parti pr\u00e9sidentiel) \u00a0ont condamn\u00e9 successivement ces propos de M. B\u00e9di\u00e9 estimant que c\u2019est \u00ab \u00a0un appel \u00e0 la haine de l\u2019\u00e9tranger \u00bb. Quant \u00e0 son parti, le PDCI, il \u00a0 s\u2019est offusqu\u00e9 du \u00ab faux proc\u00e8s \u00bb fait \u00e0 son pr\u00e9sident.\u00a0<\/p>\n<p>Selon Jean-Louis \u00a0Billon, le secr\u00e9taire ex\u00e9cutif en charge de la communication du Pdci, \u00a0 M. B\u00e9di\u00e9 n\u2019est pas \u00ab x\u00e9nophobe et raciste \u00bb car ces propos ont \u00e9t\u00e9 \u00ab \u00a0sortis de leur contexte pour en faire une exploitation tendancieuse \u00e0 \u00a0l\u2019effet de ternir son image et de porter atteinte \u00e0 son honorabilit\u00e9 \u00bb. \u00a0<\/p>\n<p>\u00a0S\u2019inqui\u00e9tant de la d\u00e9gradation du climat politique dans le pays \u00e0 \u00a0l\u2019approche de la pr\u00e9sidentielle ivoirienne de 2020, le WANEP a \u00e9galement \u00a0formul\u00e9 des recommandations au gouvernement ivoirien, aux partis \u00a0politiques et leaders d\u2019opinion ainsi qu\u2019aux organisations de la soci\u00e9t\u00e9 \u00a0civile.<\/p>\n<p>\u00a0\u00ab Au gouvernement, le WANEP demande d\u2019engager un \u00a0dialogue franc et constructif avec les diff\u00e9rents acteurs politiques, de \u00a0faire une \u00e9tude approfondie sur le ph\u00e9nom\u00e8ne de l\u2019orpaillage clandestin \u00a0et lui trouver une solution durable\u2026\u00bb, a entre autres, \u00a0recommand\u00e9 \u00a0l\u2019institution \u00e0 l\u2019ex\u00e9cutif ivoirien conseillant \u00e0 la classe politique et \u00a0aux leaders d\u2019opinion \u00ab d\u2019\u00e9viter de livrer des discours \u00e0 relents \u00a0identitaires dans les d\u00e9bats politiques ou non\u00bb.<\/p>\n<\/div>\n<p>Auteur: APA News<br \/>\n<a href=\"https:\/\/www.journalducameroun.com\/cote-divoire-bedie-invite-a-ne-pas-rompre-le-dialogue-avec-ouattara\/\">Cliquez ici pour lire l&rsquo;article depuis sa source.<\/a><\/p>\n","protected":false},"excerpt":{"rendered":"<p>Publi\u00e9 le 13.06.2019 \u00e0 21h18 par APA News Le R\u00e9seau Ouest africain pour l\u2019\u00e9dification de la paix ( WANEP-C\u00f4te d\u2019Ivoire), une organisation de la soci\u00e9t\u00e9 civile, a recommand\u00e9 dans une d\u00e9claration transmise jeudi \u00e0 APA, \u00e0 Henri Konan B\u00e9di\u00e9, le pr\u00e9sident du Parti d\u00e9mocratique de C\u00f4te d\u2019Ivoire ( PDCI, ex-alli\u00e9 au pouvoir) de \u00ab ne [&hellip;]<\/p>\n","protected":false},"author":1965,"featured_media":0,"comment_status":"closed","ping_status":"closed","sticky":false,"template":"","format":"standard","meta":{"fifu_image_url":"","fifu_image_alt":"","footnotes":""},"categories":[73,82],"tags":[],"class_list":["post-40500","post","type-post","status-publish","format-standard","hentry","category-actualite","category-cameroun"],"_links":{"self":[{"href":"https:\/\/linitiative.ca\/International\/wp-json\/wp\/v2\/posts\/40500","targetHints":{"allow":["GET"]}}],"collection":[{"href":"https:\/\/linitiative.ca\/International\/wp-json\/wp\/v2\/posts"}],"about":[{"href":"https:\/\/linitiative.ca\/International\/wp-json\/wp\/v2\/types\/post"}],"author":[{"embeddable":true,"href":"https:\/\/linitiative.ca\/International\/wp-json\/wp\/v2\/users\/1965"}],"replies":[{"embeddable":true,"href":"https:\/\/linitiative.ca\/International\/wp-json\/wp\/v2\/comments?post=40500"}],"version-history":[{"count":0,"href":"https:\/\/linitiative.ca\/International\/wp-json\/wp\/v2\/posts\/40500\/revisions"}],"wp:attachment":[{"href":"https:\/\/linitiative.ca\/International\/wp-json\/wp\/v2\/media?parent=40500"}],"wp:term":[{"taxonomy":"category","embeddable":true,"href":"https:\/\/linitiative.ca\/International\/wp-json\/wp\/v2\/categories?post=40500"},{"taxonomy":"post_tag","embeddable":true,"href":"https:\/\/linitiative.ca\/International\/wp-json\/wp\/v2\/tags?post=40500"}],"curies":[{"name":"wp","href":"https:\/\/api.w.org\/{rel}","templated":true}]}}