{"id":40501,"date":"2019-06-13T16:50:02","date_gmt":"2019-06-13T20:50:02","guid":{"rendered":"https:\/\/linitiative.ca\/International\/scandinaves-tuees-au-maroc-les-complices-presumes-nient-leur-implication\/"},"modified":"2019-06-13T16:50:02","modified_gmt":"2019-06-13T20:50:02","slug":"scandinaves-tuees-au-maroc-les-complices-presumes-nient-leur-implication","status":"publish","type":"post","link":"https:\/\/linitiative.ca\/International\/scandinaves-tuees-au-maroc-les-complices-presumes-nient-leur-implication\/","title":{"rendered":"Scandinaves tu\u00e9es au Maroc: les complices pr\u00e9sum\u00e9s nient leur implication"},"content":{"rendered":"<div readability=\"32\">\n<p>Publi\u00e9 le 13.06.2019 \u00e0 21h50 par AFP<\/p>\n<\/div>\n<div readability=\"159\">\n<p>Une dizaine d\u2019accus\u00e9s ont ni\u00e9 jeudi devant la justice marocaine toute participation dans l\u2019assassinat de deux jeunes touristes scandinaves, certains accablant le cerveau de l\u2019op\u00e9ration, Abdessamad Ejjoud.<\/p>\n<p>Louisa Vesterager Jespersen, une \u00e9tudiante danoise de 24 ans, et son amie Maren Ueland, une Norv\u00e9gienne de 28 ans, ont \u00e9t\u00e9 d\u00e9capit\u00e9es mi-d\u00e9cembre au nom du groupe jihadiste Etat islamique (EI) alors qu\u2019elles campaient sur un site isol\u00e9 avant une randonn\u00e9e en montagne, dans le Haut-Atlas (sud).<\/p>\n<p>Le proc\u00e8s des 24 hommes soup\u00e7onn\u00e9s d\u2019\u00eatre li\u00e9s \u00e0 ces meurtres et d\u2019appartenir \u00e0 une cellule jihadiste se tient devant la chambre criminelle de la cour d\u2019appel de Sal\u00e9 depuis le 2 mai. Apr\u00e8s une audience de pr\u00e8s de six heures, le proc\u00e8s a \u00e9t\u00e9 renvoy\u00e9 au 20 juin.<\/p>\n<p>Si les hommes directement impliqu\u00e9s dans l\u2019\u00e9quip\u00e9e meurtri\u00e8re sont pass\u00e9s aux aveux, leurs complices pr\u00e9sum\u00e9s, accus\u00e9s de \u00ab\u00a0constitution d\u2019une bande en vue de commettre des actes terroristes\u00a0\u00bb, d\u00e9mentent, eux, tout implication dans l\u2019affaire.<\/p>\n<p>L\u2019un d\u2019eux, cependant, a affich\u00e9 ouvertement son soutien \u00e0 l\u2019EI pendant l\u2019audience de jeudi.<\/p>\n<p>\u2013 Participation \u00e0 des r\u00e9unions \u2013<\/p>\n<p>Said Toufik, un ancien soldat \u00e2g\u00e9 de 23 ans, s\u2019est dit \u00ab\u00a0convaincu\u00a0\u00bb par le jihadisme, en expliquant s\u2019\u00eatre radicalis\u00e9 apr\u00e8s avoir quitt\u00e9 l\u2019arm\u00e9e en 2016 et avoir eu des \u00ab\u00a0contacts\u00a0\u00bb avec des groupes radicaux, notamment en Afghanistan. \u00ab\u00a0Il aurait \u00e9t\u00e9 pr\u00e9f\u00e9rable d\u2019assassiner des hommes et non des femmes\u00a0\u00bb car \u00ab\u00a0ce sont eux qui tuent les fr\u00e8res syriens\u00a0\u00bb, a-t-il dit lors de l\u2019audience.<\/p>\n<p>Les autres complices pr\u00e9sum\u00e9s d\u00e9mentent adh\u00e9rer au jihadisme mais reconnaissent qu\u2019ils fr\u00e9quentaient les principaux suspects et\/ou participaient \u00e0 des \u00ab\u00a0r\u00e9unions\u00a0\u00bb organis\u00e9es par Abdessamad Ejjoud, tout en assurant n\u2019avoir rien su de ses projets.<\/p>\n<p>Ejjoud, un marchand ambulant de 25 ans, a pour sa part reconnu avoir assassin\u00e9 une des deux touristes. Younes Ouaziyad, 27 ans, a reconnu avoir d\u00e9capit\u00e9 la seconde et Rachid Afatti, 33 ans, avoir film\u00e9 la sc\u00e8ne avec son t\u00e9l\u00e9phone portable.<\/p>\n<p>Des images de la d\u00e9capitation et une vid\u00e9o de serment d\u2019all\u00e9geance \u00e0 l\u2019EI ont \u00e9t\u00e9 diffus\u00e9es sur les r\u00e9seaux sociaux. L\u2019EI n\u2019a pas revendiqu\u00e9 le double assassinat.<\/p>\n<p>Ejjoud, un repris de justice devenu imam hors du champ religieux contr\u00f4l\u00e9 par l\u2019Etat marocain, a affirm\u00e9 avoir form\u00e9 un groupe apr\u00e8s sa sortie de prison en r\u00e9unissant autour de lui d\u2019anciens compagnons de d\u00e9tention ainsi que des \u00ab\u00a0fr\u00e8res\u00a0\u00bb de milieu modeste, de niveau d\u2019instruction tr\u00e8s bas, vivant de petits boulots dans des quartiers d\u00e9sh\u00e9rit\u00e9s de Marrakech, destination touristique phare du royaume.<\/p>\n<p>Pourquoi se r\u00e9unissaient-ils ? \u00ab\u00a0Nous abordions des sujets religieux\u00a0\u00bb, assure un des accus\u00e9s, Noureddine Belabed, 30 ans, d\u00e9j\u00e0 condamn\u00e9 par le pass\u00e9 \u00e0 trois ans de prison pour \u00ab\u00a0apologie du terrorisme\u00a0\u00bb.<\/p>\n<p>\u00ab\u00a0Nous allions prier ensemble\u00a0\u00bb mais \u00ab\u00a0n\u2019avons jamais rien planifi\u00e9\u00a0\u00bb, dit un autre, Abdelkebir Akhmayej, 32 ans. \u00ab\u00a0Nous allions aussi \u00e0 la p\u00eache\u00a0\u00bb, dit-il, visiblement apeur\u00e9 par les questions des juges.<\/p>\n<p>\u2013 Cheikh salafiste \u2013<\/p>\n<p>\u00ab\u00a0Je n\u2019ai jamais parl\u00e9 de terrorisme\u00a0\u00bb, assurent tour \u00e0 tour deux autres accus\u00e9s, un menuisier de 25 ans et un imam par intermittence \u00e2g\u00e9 de 30 ans qui vient de passer son bac en prison. D\u2019autres, au contraire, assurent qu\u2019Ejjoud faisait tout pour les embrigader.<\/p>\n<p>Le r\u00f4le d\u2019un cheikh de Marrakech, responsable d\u2019une association salafiste se pr\u00e9sentant comme hostile au jihadisme et rejetant toute forme de violence, a \u00e9t\u00e9 aussi questionn\u00e9 pendant l\u2019audience.<\/p>\n<p>Ce cheikh, Mohamed al-Maghraoui, a entre autres fait parler de lui avec une fatwa autorisant le mariage des fillettes de 9 ans. Plusieurs pr\u00e9venus, dont Ejjoud, ont suivi des enseignements coraniques dans ses \u00e9coles.<\/p>\n<p>\u00ab\u00a0Al-Maghraoui a deux visages: celui qu\u2019il montre aux autorit\u00e9s, et un autre, plus radical, avec des id\u00e9es extr\u00e9mistes\u00a0\u00bb, a accus\u00e9 jeudi un des accus\u00e9s, Abdelaziz Feryat, 30 ans.<\/p>\n<p>Un des avocats de la partie civile a demand\u00e9 que le religieux soit convoqu\u00e9 devant le tribunal. Le pr\u00e9sident de la cour n\u2019a pas statu\u00e9 sur cette requ\u00eate.<\/p>\n<p>Les principaux suspects de l\u2019assassinat des deux Scandinaves risquent th\u00e9oriquement la peine de mort \u2013 toujours prononc\u00e9e au Maroc m\u00eame si un moratoire est appliqu\u00e9 de facto depuis 1993.<\/p>\n<\/div>\n<p>Auteur: AFP<br \/>\n<a href=\"https:\/\/www.journalducameroun.com\/scandinaves-tuees-au-maroc-les-complices-presumes-nient-leur-implication\/\">Cliquez ici pour lire l&rsquo;article depuis sa source.<\/a><\/p>\n","protected":false},"excerpt":{"rendered":"<p>Publi\u00e9 le 13.06.2019 \u00e0 21h50 par AFP Une dizaine d\u2019accus\u00e9s ont ni\u00e9 jeudi devant la justice marocaine toute participation dans l\u2019assassinat de deux jeunes touristes scandinaves, certains accablant le cerveau de l\u2019op\u00e9ration, Abdessamad Ejjoud. Louisa Vesterager Jespersen, une \u00e9tudiante danoise de 24 ans, et son amie Maren Ueland, une Norv\u00e9gienne de 28 ans, ont \u00e9t\u00e9 [&hellip;]<\/p>\n","protected":false},"author":1965,"featured_media":0,"comment_status":"closed","ping_status":"closed","sticky":false,"template":"","format":"standard","meta":{"fifu_image_url":"","fifu_image_alt":"","footnotes":""},"categories":[73,82],"tags":[],"class_list":["post-40501","post","type-post","status-publish","format-standard","hentry","category-actualite","category-cameroun"],"_links":{"self":[{"href":"https:\/\/linitiative.ca\/International\/wp-json\/wp\/v2\/posts\/40501","targetHints":{"allow":["GET"]}}],"collection":[{"href":"https:\/\/linitiative.ca\/International\/wp-json\/wp\/v2\/posts"}],"about":[{"href":"https:\/\/linitiative.ca\/International\/wp-json\/wp\/v2\/types\/post"}],"author":[{"embeddable":true,"href":"https:\/\/linitiative.ca\/International\/wp-json\/wp\/v2\/users\/1965"}],"replies":[{"embeddable":true,"href":"https:\/\/linitiative.ca\/International\/wp-json\/wp\/v2\/comments?post=40501"}],"version-history":[{"count":0,"href":"https:\/\/linitiative.ca\/International\/wp-json\/wp\/v2\/posts\/40501\/revisions"}],"wp:attachment":[{"href":"https:\/\/linitiative.ca\/International\/wp-json\/wp\/v2\/media?parent=40501"}],"wp:term":[{"taxonomy":"category","embeddable":true,"href":"https:\/\/linitiative.ca\/International\/wp-json\/wp\/v2\/categories?post=40501"},{"taxonomy":"post_tag","embeddable":true,"href":"https:\/\/linitiative.ca\/International\/wp-json\/wp\/v2\/tags?post=40501"}],"curies":[{"name":"wp","href":"https:\/\/api.w.org\/{rel}","templated":true}]}}