{"id":40502,"date":"2019-06-13T18:04:40","date_gmt":"2019-06-13T22:04:40","guid":{"rendered":"https:\/\/linitiative.ca\/International\/le-bilan-de-la-premiere-journee-de-la-femme-digitale-en-afrique-est-positif-fondatrice\/"},"modified":"2019-06-13T18:04:40","modified_gmt":"2019-06-13T22:04:40","slug":"le-bilan-de-la-premiere-journee-de-la-femme-digitale-en-afrique-est-positif-fondatrice","status":"publish","type":"post","link":"https:\/\/linitiative.ca\/International\/le-bilan-de-la-premiere-journee-de-la-femme-digitale-en-afrique-est-positif-fondatrice\/","title":{"rendered":"Le bilan de la premi\u00e8re  Journ\u00e9e de la Femme Digitale en Afrique est \u00ab positif \u00bb (fondatrice)"},"content":{"rendered":"<div readability=\"32\">\n<p>Publi\u00e9 le 13.06.2019 \u00e0 23h18 par APA News<\/p>\n<\/div>\n<div readability=\"118\">\n<p>La Fran\u00e7aise Delphine Remy-Boutang, fondatrice de la Journ\u00e9e de la Femme Digitale (JFD) a qualifi\u00e9, jeudi \u00e0 Dakar, de \u00ab positif \u00bb le bilan de cette manifestation organis\u00e9e pour la premi\u00e8re fois en Afrique, et marqu\u00e9e par la pr\u00e9sence de plusieurs leaders f\u00e9minins et entrepreneures africaines des TIC qui ont pendant toute la journ\u00e9e partag\u00e9 leur exp\u00e9rience visant \u00e0 \u00ab changer le monde \u00bb par le num\u00e9rique.\u00ab Ce qui m\u2019int\u00e9resse est de b\u00e2tir des ponts entre nos continents, b\u00e2tir des synergies \u00bb, a d\u00e9clar\u00e9 Mme Remy-Boutang en conf\u00e9rence de presse, une \u00e9tape qui cl\u00f4ture ainsi cette riche journ\u00e9e o\u00f9 ont pris part des \u00ab femmes venues du Mali, du Tchad, du Gabon, \u2026 \u00bb.<\/p>\n<p>Celles-ci, souligne la fondatrice de la Journ\u00e9e de la Femme Digitale, ont \u00ab b\u00e2ti des synergies entre elles \u00bb, r\u00e9pondant ainsi \u00e0 \u00ab notre objectif qui \u00e9tait de faire de cette journ\u00e9e la plus panafricaine possible \u00bb.<\/p>\n<p>Cet \u00e9v\u00e8nement qu\u2019elle a fond\u00e9 en 2013, et existant d\u00e9j\u00e0 dans son pays, consiste \u00e0 mettre \u00e0 l\u2019honneur et \u00e0 connecter chaque ann\u00e9e les femmes qui s\u2019emploient \u00e0 r\u00e9volutionner le monde gr\u00e2ce au num\u00e9rique.<\/p>\n<p>Et dans la capitale s\u00e9n\u00e9galaise, la journ\u00e9e du 13 juin, partie sous le th\u00e8me \u00ab Elles Changent le Monde \u00bb, \u00e9tait ax\u00e9e sur la formation, la confiance et le financement, avec pour objectif d\u2019acc\u00e9l\u00e9rer la mixit\u00e9 dans le monde du num\u00e9rique.<\/p>\n<p>A tour de r\u00f4le et sur diff\u00e9rents th\u00e9matiques, plusieurs duos et trios de femmes, souvent accompagn\u00e9es par une poign\u00e9e d\u2019hommes, ont expliqu\u00e9 entre autres \u00a0devant un nombreux public : comment \u00ab elles s\u2019engagent \u00bb, comment \u00ab elles sont actrices de leur d\u00e9veloppement \u00bb, comment \u00ab elles forment aux grands enjeux de demain \u00bb, comment \u00ab elles soutiennent l\u2019innovation \u00bb et comment elles \u00ab d\u00e9mocratisent le num\u00e9rique \u00bb\u2026 Tout cela gr\u00e2ce \u00e0 ce support moderne et incontournable pour le d\u00e9veloppement.<\/p>\n<p>Des leaders et entrepreneures de renom du digital, telles Yacine Barro-Bourgault, directrice G\u00e9n\u00e9rale Microsoft pour l\u2019Afrique de l\u2019Ouest et du Centre, Diana Brondel, fondatrice de Xaalys, Virginie Dias-Tagnon, directrice des ressources humaines du groupe l\u2019Or\u00e9al en Afrique, Nafissatou Diouf, fondatrice de SenVitale, ont interagi sur ces diff\u00e9rents th\u00e8mes lors de cette journ\u00e9e, \u00e0 la grande satisfaction de Delphine Remy-Boutang.<\/p>\n<p>\u00ab C\u2019est important de se dire que la technologie peut changer le monde \u00bb en faisant que les femmes jouent leur partition, a-t-elle indiqu\u00e9, soulignant par ailleurs que \u00ab le taux d\u2019entreprenariat f\u00e9minin est le plus \u00e9lev\u00e9 au monde \u00bb.<\/p>\n<p>Par ailleurs, la Camerounaise Arielle Kitio, qui a re\u00e7u le Prix Margaret de la Femme, a fait part lors de la conf\u00e9rence de presse de sa \u00ab reconnaissance \u00bb, notant ainsi que dor\u00e9navant elle a \u00ab une responsabilit\u00e9 de travailler davantage pour la suite \u00bb.<\/p>\n<p>Pour cette premi\u00e8re Journ\u00e9e de la Femme Digitale en Afrique qui s\u2019ach\u00e8ve demain vendredi, les organisateurs pr\u00e9voient de rencontrer \u00ab l\u2019\u00e9cosyst\u00e8me assez impressionnant \u00bb de la ville de Dakar, notamment des start-ups comme CTIC ou JOKKOLABS, a annonc\u00e9 la fondatrice.<\/p>\n<p>Delphine Remy-Boutang salue en outre l\u2019acc\u00e8s au financement qui \u00ab s\u2019est d\u00e9mocratis\u00e9 \u00bb pour ces entit\u00e9s num\u00e9riques, leur permettant ainsi \u00ab d\u2019avoir un d\u00e9marrage \u00bb<\/p>\n<\/div>\n<p>Auteur: APA News<br \/>\n<a href=\"https:\/\/www.journalducameroun.com\/le-bilan-de-la-premiere-journee-de-la-femme-digitale-en-afrique-est-positif-fondatrice\/\">Cliquez ici pour lire l&rsquo;article depuis sa source.<\/a><\/p>\n","protected":false},"excerpt":{"rendered":"<p>Publi\u00e9 le 13.06.2019 \u00e0 23h18 par APA News La Fran\u00e7aise Delphine Remy-Boutang, fondatrice de la Journ\u00e9e de la Femme Digitale (JFD) a qualifi\u00e9, jeudi \u00e0 Dakar, de \u00ab positif \u00bb le bilan de cette manifestation organis\u00e9e pour la premi\u00e8re fois en Afrique, et marqu\u00e9e par la pr\u00e9sence de plusieurs leaders f\u00e9minins et entrepreneures africaines des [&hellip;]<\/p>\n","protected":false},"author":1965,"featured_media":0,"comment_status":"closed","ping_status":"closed","sticky":false,"template":"","format":"standard","meta":{"fifu_image_url":"","fifu_image_alt":"","footnotes":""},"categories":[73,82],"tags":[],"class_list":["post-40502","post","type-post","status-publish","format-standard","hentry","category-actualite","category-cameroun"],"_links":{"self":[{"href":"https:\/\/linitiative.ca\/International\/wp-json\/wp\/v2\/posts\/40502","targetHints":{"allow":["GET"]}}],"collection":[{"href":"https:\/\/linitiative.ca\/International\/wp-json\/wp\/v2\/posts"}],"about":[{"href":"https:\/\/linitiative.ca\/International\/wp-json\/wp\/v2\/types\/post"}],"author":[{"embeddable":true,"href":"https:\/\/linitiative.ca\/International\/wp-json\/wp\/v2\/users\/1965"}],"replies":[{"embeddable":true,"href":"https:\/\/linitiative.ca\/International\/wp-json\/wp\/v2\/comments?post=40502"}],"version-history":[{"count":0,"href":"https:\/\/linitiative.ca\/International\/wp-json\/wp\/v2\/posts\/40502\/revisions"}],"wp:attachment":[{"href":"https:\/\/linitiative.ca\/International\/wp-json\/wp\/v2\/media?parent=40502"}],"wp:term":[{"taxonomy":"category","embeddable":true,"href":"https:\/\/linitiative.ca\/International\/wp-json\/wp\/v2\/categories?post=40502"},{"taxonomy":"post_tag","embeddable":true,"href":"https:\/\/linitiative.ca\/International\/wp-json\/wp\/v2\/tags?post=40502"}],"curies":[{"name":"wp","href":"https:\/\/api.w.org\/{rel}","templated":true}]}}