{"id":40520,"date":"2019-06-13T04:42:23","date_gmt":"2019-06-13T08:42:23","guid":{"rendered":"https:\/\/linitiative.ca\/International\/douanes-les-nominations-avortees-du-directeur-general\/"},"modified":"2019-06-13T04:42:23","modified_gmt":"2019-06-13T08:42:23","slug":"douanes-les-nominations-avortees-du-directeur-general","status":"publish","type":"post","link":"https:\/\/linitiative.ca\/International\/douanes-les-nominations-avortees-du-directeur-general\/","title":{"rendered":"Douanes : les nominations avort\u00e9es du directeur g\u00e9n\u00e9ral"},"content":{"rendered":"<p>Que se passe-t-il au sein des Douanes camerounaises? La derni\u00e8re actualit\u00e9 en rapport avec cette institution strat\u00e9gique de l\u2019administration de notre pays laisse en effet perplexe. <strong>Edwin Fongod Nuvaga<\/strong>, le directeur g\u00e9n\u00e9ral des Douanes camerounaises a sign\u00e9 le vendredi 7 juin 2019, une note de service portant \u00ab<em>nomination de certains fonctionnaires de la Direction g\u00e9n\u00e9rale des Douanes<\/em> \u00bb. D\u2019apr\u00e8s ladite\u00a0 note de service, les personnels de la <strong>DGD<\/strong> (Cabinet et division), ceux du Secteur des douanes du Centre, de l\u2019Extr\u00eame-Nord, du Littoral 1, du Littoral 2, du Secteur des Douanes du Nord, du Sud 1, Sud 2) ont \u00e9t\u00e9 d\u00e9ploy\u00e9s.<\/p>\n<hr\/>\n<h4><strong>>> Lire aussi \u2013 <a title=\"Douane camerounaise: le scandale de trop\u2026\" href=\"https:\/\/ecomatin.net\/douane-camerounaise-le-scandale-de-trop\/\" target=\"_blank\" rel=\"noopener noreferrer\">Douane camerounaise: le scandale de trop\u2026<\/a><br \/><\/strong><\/h4>\n<hr\/>\n<p>Coup de th\u00e9\u00e2tre, le lundi 10 juin 2019, les gabelous nomm\u00e9s le 7 juin seront inform\u00e9s d\u2019une nouvelle \u00ab<em>Note\u00bb<\/em> adress\u00e9e aux \u00ab<em>Chefs de Divisions et assimil\u00e9s et aux Chefs Secteur des Douanes<\/em> \u00bb. Note derechef sign\u00e9e Edwin Fongod Nuvaga, le DGD, avec en objet \u00ab<em>d\u00e9ploiement des personnels<\/em> \u00bb.\u00a0 Ce dernier d\u00e9cide dans cette deuxi\u00e8me note \u00ab<em>de surseoir aux formalit\u00e9s de cessation de service pour les personnels des unit\u00e9s respectives d\u00e9ploy\u00e9s par la Note de service du 7 juin 2019 portant affectation de certains fonctionnaires de la Direction g\u00e9n\u00e9rale des Douanes<\/em> \u00bb. Deux notes hautement contradictoires en l\u2019espace de trois jours dont deux non-ouvrables. Que s\u2019est-il donc pass\u00e9 entre le vendredi 7 et le lundi 10 juin 2019 pour justifier un revirement aussi spectaculaire du DGD ?<\/p>\n<hr\/>\n<h4><strong>>> Lire aussi \u2013 <a title=\"Malversations: la corruption monte en grade \u00e0 la Douane camerounaise\" href=\"https:\/\/ecomatin.net\/malversations-la-corruption-monte-en-grade-a-la-douane-camerounaise\/\" target=\"_blank\" rel=\"noopener noreferrer\">Malversations: la corruption monte en grade \u00e0 la Douane camerounaise<\/a><br \/><\/strong><\/h4>\n<hr\/>\n<p><strong>Climat de Suspicion<\/strong><\/p>\n<p>Le sujet divise au minist\u00e8re des Finances. Davantage \u00e0 la Direction G\u00e9n\u00e9ral des Douanes (DGD). \u00ab<em>La situation est grave<\/em>\u00bb, confie, tr\u00e8s agac\u00e9 un cadre des douanes nomm\u00e9 le 7 juin 2019, puis frapp\u00e9 par le sursis \u00e0 ex\u00e9cution du 10 juin. De sources dignes de foi, la d\u00e9cision de revirement a \u00e9t\u00e9 ent\u00e9rin\u00e9e le samedi 8 juin 2019. Alors que <strong>Louis Paul Motaze<\/strong>, le ministre des Finances et la Primature venaient d\u2019\u00eatre inform\u00e9s des nominations. Lesquelles n\u2019ont pas \u00e9t\u00e9 vis\u00e9es par le Minfi. D\u2019o\u00f9, d\u2019apr\u00e8s notre source, cette injonction donn\u00e9e au DGD de revenir sur sa note de service du 7 juin 2019.<\/p>\n<p>Un climat de suspicion s\u2019installe donc entre <strong>Louis Paul Motaz\u00e9<\/strong> et <strong>Edwin Fongod Nuvaga<\/strong>. Certains \u00e9voquent la th\u00e8se d\u2019un \u00ab<em>passage en force avort\u00e9<\/em>\u00bb du DGD. D\u2019autres d\u2019un \u00ab<em>vice de forme manifeste d\u00e9cel\u00e9 par le Minfi<\/em>\u00bb. Une chose est sur \u00ab\u00a0<em>la confiance est partie, ils ne se font plus confiance. qui partira le premier, l\u2019avenir nous le dira<\/em>\u00a0\u00bb nous confie un proche du Ministre.<\/p>\n<p>Cette actualit\u00e9 intervient au moment o\u00f9 les pr\u00e9visions de recettes de l\u2019administration des Douanes ont \u00e9t\u00e9 revues \u00e0 la hausse sous la pression du <strong>Fonds mon\u00e9taire international.<\/strong> D\u00e9sormais attendues des Douanes camerounaises, des recettes de <strong>850 milliards de FCFA<\/strong>. Au lieu de <strong>841,5 milliards<\/strong> en d\u00e9but d\u2019exercice.<\/p>\n<div class=\"about-author about-author-box container-wrapper\">\n<div class=\"author-avatar\">\n<p><img decoding=\"async\" src=\"http:\/\/\" alt=\"\"\/><\/p>\n<\/div>\n<p><h4>La R\u00e9daction EcoMatin<\/h4>\n<\/p>\n<\/div>\n<div class=\"awac-wrapper awac widget blog_subscription-2\">\n<h4 class=\"widget-title\">Abonnez-vous \u00e0 notre lettre d&rsquo;information<\/h4>\n<\/div>\n<p>Auteur: EcoMatin<br \/>\n<a href=\"https:\/\/ecomatin.net\/douanes-les-nominations-avortees-du-dg-des-douanes\/\">Cliquez ici pour lire l&rsquo;article depuis sa source.<\/a><\/p>\n","protected":false},"excerpt":{"rendered":"<p>Que se passe-t-il au sein des Douanes camerounaises? La derni\u00e8re actualit\u00e9 en rapport avec cette institution strat\u00e9gique de l\u2019administration de notre pays laisse en effet perplexe. Edwin Fongod Nuvaga, le directeur g\u00e9n\u00e9ral des Douanes camerounaises a sign\u00e9 le vendredi 7 juin 2019, une note de service portant \u00abnomination de certains fonctionnaires de la Direction g\u00e9n\u00e9rale [&hellip;]<\/p>\n","protected":false},"author":1969,"featured_media":0,"comment_status":"closed","ping_status":"closed","sticky":false,"template":"","format":"standard","meta":{"fifu_image_url":"","fifu_image_alt":"","footnotes":""},"categories":[82,78],"tags":[],"class_list":["post-40520","post","type-post","status-publish","format-standard","hentry","category-cameroun","category-economie"],"_links":{"self":[{"href":"https:\/\/linitiative.ca\/International\/wp-json\/wp\/v2\/posts\/40520","targetHints":{"allow":["GET"]}}],"collection":[{"href":"https:\/\/linitiative.ca\/International\/wp-json\/wp\/v2\/posts"}],"about":[{"href":"https:\/\/linitiative.ca\/International\/wp-json\/wp\/v2\/types\/post"}],"author":[{"embeddable":true,"href":"https:\/\/linitiative.ca\/International\/wp-json\/wp\/v2\/users\/1969"}],"replies":[{"embeddable":true,"href":"https:\/\/linitiative.ca\/International\/wp-json\/wp\/v2\/comments?post=40520"}],"version-history":[{"count":0,"href":"https:\/\/linitiative.ca\/International\/wp-json\/wp\/v2\/posts\/40520\/revisions"}],"wp:attachment":[{"href":"https:\/\/linitiative.ca\/International\/wp-json\/wp\/v2\/media?parent=40520"}],"wp:term":[{"taxonomy":"category","embeddable":true,"href":"https:\/\/linitiative.ca\/International\/wp-json\/wp\/v2\/categories?post=40520"},{"taxonomy":"post_tag","embeddable":true,"href":"https:\/\/linitiative.ca\/International\/wp-json\/wp\/v2\/tags?post=40520"}],"curies":[{"name":"wp","href":"https:\/\/api.w.org\/{rel}","templated":true}]}}