{"id":40523,"date":"2019-06-13T08:18:01","date_gmt":"2019-06-13T12:18:01","guid":{"rendered":"https:\/\/linitiative.ca\/International\/nouvelle-menace-sur-la-relance-de-camair-co\/"},"modified":"2019-06-13T08:18:01","modified_gmt":"2019-06-13T12:18:01","slug":"nouvelle-menace-sur-la-relance-de-camair-co","status":"publish","type":"post","link":"https:\/\/linitiative.ca\/International\/nouvelle-menace-sur-la-relance-de-camair-co\/","title":{"rendered":"Nouvelle menace sur la relance de Camair co"},"content":{"rendered":"<p>Depuis ce 27 mai 2019, la <strong>Cameroon Airlines Corporation<\/strong> (Camair co) a une nouvelle \u00e9quipe dirigeante. <strong>Jean Ernest Massena Ngalle Bibehe<\/strong>, le Ministre des transports cumule ce portefeuille minist\u00e9riel avec celui de Pr\u00e9sident du Conseil d\u2019administration de la compagnie a\u00e9rienne camerounaise. En remplacement de <strong>Louis Georges Njipendji<\/strong> devenu Directeur g\u00e9n\u00e9ral. <strong>Max Constant Mv\u00e9<\/strong> occupe, au terme d\u2019un Conseil d\u2019administration \u00e9clair, le poste de Directeur g\u00e9n\u00e9ral adjoint. Parmi les premi\u00e8res mesures d\u2019urgence prises par les nouveaux dirigeants, figure prioritairement la location en ACMI d\u2019un nouvel a\u00e9ronef: Un avion de <strong>marque Embraer ERJ 145<\/strong> contre un d\u00e9posit de <strong>171.843.750 Fcfa<\/strong>. Avec le nouvel a\u00e9ronef, Camair co peut sereinement envisager la reprise optimale de ses vols locaux, en attendant une \u00e9ventuelle mise en service d\u2019autres avions.<\/p>\n<p>La compagnie a\u00e9rienne camerounaise continue pourtant de crouler sur une lourde dette fournisseur. Entre autres, celle due \u00e0 la soci\u00e9t\u00e9 <strong>Tradex S.A<\/strong>, entreprise qui approvisionne Camair-co en carbur\u00e9acteur Jet A1, keros\u00e8ne destin\u00e9 aux avions. La dette cantonn\u00e9e due par la compagnie a\u00e9rienne \u00e0 l\u2019entreprise de distribution des produits p\u00e9troliers est de <strong>5,5 milliards de FCFA<\/strong>, apprend-on d\u2019une source digne de foi. Cette ardoise provient selon la m\u00eame source, des approvisionnements en carburant impay\u00e9s de l\u2019\u00e8re <strong>Jean Paul Nana Sandjo<\/strong>, limog\u00e9 du poste de Directeur g\u00e9n\u00e9ral de Camair co en 2016: \u00ab<em>Camair co a arr\u00eat\u00e9 de payer ses approvisionnements en carburant sous l\u2019ex-Directeur g\u00e9n\u00e9ral Nana Sandjo. Jusqu\u2019\u00e0 <strong>Mbotto Edimo<\/strong>, Camair co payait en n\u00e9gociant toutefois la ligne de cr\u00e9dit \u00e0 la hausse<\/em>\u00bb, ajoute la m\u00eame source.<\/p>\n<p>La relation Camair co-Tradex s\u2019est toutefois stabilis\u00e9e avec l\u2019arriv\u00e9e d\u2019<strong>Ernest Dikoum,<\/strong> successeur de Jean Paul Nana Sandjo: \u00ab<em>avec Ernest Dikoum, la Camair co a r\u00e9ussi \u00e0 stabiliser la dette ancienne. Mais surtout a \u00e9t\u00e9 ramen\u00e9e \u00e0 un paiement cash des approvisionnements courants<\/em>\u00bb nous affirme une source proche du dossier. Mais la situation financi\u00e8re catastrophique de Camair co a fini par avoir raison de ce dernier.<\/p>\n<p>L\u2019Etat du Cameroun a r\u00e9cemment autoris\u00e9 le d\u00e9blocage d\u2019une enveloppe \u00e9quivalente \u00e0 1,5 milliards de FCFA. C\u2019\u00e9tait le 22 mai 2019, 5 jours seulement avant le d\u00e9barquement d\u2019Ernest Dikoum. Une partie de cet argent, dit-on, pourrait servir \u00e0 diminuer la dette colossale de la Camair co \u00e0 l\u2019endroit de son partenaire Tradex S.A qui, faute de paiement, pourrait se voir oblig\u00e9e de suspendre son approvisionnement au profit de la compagnie a\u00e9rienne.<\/p>\n<div class=\"awac-wrapper awac widget blog_subscription-2\">\n<h4 class=\"widget-title\">Abonnez-vous \u00e0 notre lettre d&rsquo;information<\/h4>\n<\/div>\n<p>Auteur: Emile FIDIECK<br \/>\n<a href=\"https:\/\/ecomatin.net\/une-nouvelle-menace-sur-la-relance-de-camair-co\/\">Cliquez ici pour lire l&rsquo;article depuis sa source.<\/a><\/p>\n","protected":false},"excerpt":{"rendered":"<p>Depuis ce 27 mai 2019, la Cameroon Airlines Corporation (Camair co) a une nouvelle \u00e9quipe dirigeante. Jean Ernest Massena Ngalle Bibehe, le Ministre des transports cumule ce portefeuille minist\u00e9riel avec celui de Pr\u00e9sident du Conseil d\u2019administration de la compagnie a\u00e9rienne camerounaise. En remplacement de Louis Georges Njipendji devenu Directeur g\u00e9n\u00e9ral. Max Constant Mv\u00e9 occupe, au [&hellip;]<\/p>\n","protected":false},"author":1969,"featured_media":0,"comment_status":"closed","ping_status":"closed","sticky":false,"template":"","format":"standard","meta":{"fifu_image_url":"","fifu_image_alt":"","footnotes":""},"categories":[82,78],"tags":[],"class_list":["post-40523","post","type-post","status-publish","format-standard","hentry","category-cameroun","category-economie"],"_links":{"self":[{"href":"https:\/\/linitiative.ca\/International\/wp-json\/wp\/v2\/posts\/40523","targetHints":{"allow":["GET"]}}],"collection":[{"href":"https:\/\/linitiative.ca\/International\/wp-json\/wp\/v2\/posts"}],"about":[{"href":"https:\/\/linitiative.ca\/International\/wp-json\/wp\/v2\/types\/post"}],"author":[{"embeddable":true,"href":"https:\/\/linitiative.ca\/International\/wp-json\/wp\/v2\/users\/1969"}],"replies":[{"embeddable":true,"href":"https:\/\/linitiative.ca\/International\/wp-json\/wp\/v2\/comments?post=40523"}],"version-history":[{"count":0,"href":"https:\/\/linitiative.ca\/International\/wp-json\/wp\/v2\/posts\/40523\/revisions"}],"wp:attachment":[{"href":"https:\/\/linitiative.ca\/International\/wp-json\/wp\/v2\/media?parent=40523"}],"wp:term":[{"taxonomy":"category","embeddable":true,"href":"https:\/\/linitiative.ca\/International\/wp-json\/wp\/v2\/categories?post=40523"},{"taxonomy":"post_tag","embeddable":true,"href":"https:\/\/linitiative.ca\/International\/wp-json\/wp\/v2\/tags?post=40523"}],"curies":[{"name":"wp","href":"https:\/\/api.w.org\/{rel}","templated":true}]}}