{"id":40524,"date":"2019-06-14T07:00:50","date_gmt":"2019-06-14T11:00:50","guid":{"rendered":"https:\/\/linitiative.ca\/International\/cette-etape-marque-le-demarrage-du-roadshow-2019-et-de-16-pour-le-smap-paris\/"},"modified":"2019-06-14T07:00:50","modified_gmt":"2019-06-14T11:00:50","slug":"cette-etape-marque-le-demarrage-du-roadshow-2019-et-de-16-pour-le-smap-paris","status":"publish","type":"post","link":"https:\/\/linitiative.ca\/International\/cette-etape-marque-le-demarrage-du-roadshow-2019-et-de-16-pour-le-smap-paris\/","title":{"rendered":"Cette \u00e9tape marque le d\u00e9marrage du Roadshow 2019 : Et de 16 pour le SMAP Paris"},"content":{"rendered":"<p><img decoding=\"async\" class=\"post_layout_5_img\" src=\"http:\/\/aujourdhui.ma\/wp-content\/uploads\/2019\/06\/SMAP-PARIS.jpg?x29840\" alt=\"Cette \u00e9tape marque le d\u00e9marrage du Roadshow 2019 : Et de 16 pour le SMAP Paris\"\/><\/p>\n<p><span class=\"c4\"><strong>L\u2019immobilier marocain marque son retour en force \u00e0 Paris. Le SMAP Immo, le plus grand salon d\u2019Europe en la mati\u00e8re, ouvre ses portes le 14 juin d\u00e9marrant ainsi la premi\u00e8re \u00e9tape du Roadshow 2019.<\/strong><\/span><span id=\"more-312891\"\/> L\u2019escale parisienne est un rendez-vous important aussi bien pour les organisateurs du SMAP que pour les participants et visiteurs. Paris reste un carrefour de rencontre non seulement de la diaspora de France mais \u00e9galement celles des autres pays voisins. L\u2019affluence bat son plein durant les trois jours de l\u2019\u00e9v\u00e9nement. Un engouement qui d\u00e9montre clairement l\u2019int\u00e9r\u00eat que portent les Marocains du Monde \u00e0 leur terre d\u2019origine. Au-del\u00e0 de l\u2019aspect commercial que peut rev\u00eatir cet \u00e9v\u00e9nement, la pr\u00e9sence accrue des MRE \u00e0 ce rendez-vous annuel est un moyen de renouer le contact avec le pays, et ce du fait du programme d\u2019animation que les organisateurs proposent en parall\u00e8le \u00e0 l\u2019exposition commerciale. Le SMAP est, en effet, un microcosme marocain o\u00f9 toutes les g\u00e9n\u00e9rations de la diaspora cohabitent le temps d\u2019un week-end. Au programme: exposition commerciale, rencontres scientifiques, \u00e9changes directs avec les professionnels (promoteurs, banquiers, notaires, etc.) et animation culturelle\u2026 Beaucoup de moments forts qui ne cessent de marquer les \u00e9ditions du SMAP.<\/p>\n<p><strong>16 ans de rayonnement en France<\/strong><br \/>Le SMAP immo Paris souffle, cette ann\u00e9e, sa 16\u00e8me bougie confirmant ainsi son positionnement en tant que point de rencontre des groupes immobiliers nationaux, d\u2019\u00e9tablissements bancaires et d\u2019un public international diversifi\u00e9. Pour cette \u00e9dition, le SMAP table sur la participation de 80 exposants repr\u00e9sentant pr\u00e8s de soixante villes marocaines. Cette manifestation conna\u00eet l\u2019adh\u00e9sion des principaux acteurs du march\u00e9 immobilier publics soient-ils ou priv\u00e9s. Citons \u00e0 leur t\u00eate le minist\u00e8re de l\u2019habitat et de l\u2019am\u00e9nagement du territoire qui innovera cette ann\u00e9e en pla\u00e7ant une cellule d\u2019\u00e9coute pour r\u00e9colter les dol\u00e9ances et les requ\u00eates des Marocains de France et d\u2019Europe. Le d\u00e9partement minist\u00e9riel installera ses quartiers dans un espace de plus de 100 m\u00e8tres carr\u00e9s. Ce pavillon sera anim\u00e9 par les agences urbaines confortant ainsi la dynamique r\u00e9gionale du Maroc. L\u2019occasion \u00e9tant de discuter des diff\u00e9rents leviers du secteur de l\u2019habitat au Maroc, notamment le logement abordable. Une approche nouvelle qui contribuera \u00e0 la promotion des modes r\u00e9nov\u00e9s en mati\u00e8re de conception et de mise en \u0153uvre de la politique de la ville.<\/p>\n<p><strong>La r\u00e9gion \u00e0 l\u2019honneur, au-del\u00e0 d\u2019une animation<\/strong><br \/>La r\u00e9gion \u00e0 l\u2019honneur est, certes, une animation additionnelle pour l\u2019\u00e9v\u00e9nement, mais contribue au fil des \u00e9ditions \u00e0 drainer un bon nombre de visiteurs. Ainsi, un surplus de 30% des visiteurs natifs de la r\u00e9gion c\u00e9l\u00e9br\u00e9e est enregistr\u00e9 chaque ann\u00e9e. A travers cet hommage r\u00e9gional, le SMAP tend \u00e0 faire conna\u00eetre le potentiel \u00e9conomique des diff\u00e9rents territoires marocains, de promouvoir leurs atouts touristiques et de nouer des contacts professionnels entre les repr\u00e9sentants des forces vives de la r\u00e9gion et des op\u00e9rateurs de la diaspora ou \u00e9trangers. Le Salon mettra \u00e0 l\u2019honneur une des r\u00e9gions les plus attractives du Maroc tant en termes d\u2019investissement que d\u2019immobilier. Apr\u00e8s Casablanca-Settat, les spots du SMAP seront braqu\u00e9s sur Rabat-Sal\u00e9-K\u00e9nitra. Un territoire dynamique sur le plan \u00e9conomique et tr\u00e8s pris\u00e9 en termes d\u2019immobilier. Le choix de Rabat-Sal\u00e9-k\u00e9nitra n\u2019est pas fortuit. La r\u00e9gion figure dans le top 5 des villes marocaines auxquelles appartiennent les visiteurs du salon. Rabat-K\u00e9nitra-Sal\u00e9 qui abrite la capitale administrative du Royaume est une destination privil\u00e9gi\u00e9e des grands promoteurs nationaux. Cette zone g\u00e9ographique abrite une large offre immobili\u00e8re couvrant tous les standings.<\/p>\n<p><strong>Les visiteurs \u00e0 l\u2019aff\u00fbt du logement interm\u00e9diaire<\/strong><br \/>En ce qui concerne le visitorat, les pr\u00e9visions portent sur la m\u00eame moyenne observ\u00e9e durant les derni\u00e8res \u00e9ditions. Ainsi 35.000 personnes sont attendues \u00e0 cette manifestation qui int\u00e9resse davantage les primo-visiteurs. En effet, 1 visiteur sur deux d\u00e9couvre pour la premi\u00e8re fois le Salon, soit un taux de 45,4%. Les organisateurs notent une pr\u00e9sence accrue des jeunes marocains issus de la diaspora. Les visiteurs \u00e2g\u00e9s entre 25 et 34 ans ont repr\u00e9sent\u00e9 lors de l\u2019\u00e9dition pr\u00e9c\u00e9dente 22% des visiteurs. Se r\u00e9f\u00e9rant \u00e0 une enqu\u00eate men\u00e9e aupr\u00e8s d\u2019un \u00e9chantillon de 6.000 personnes \u00e0 l\u2019entr\u00e9e du salon l\u2019ann\u00e9e derni\u00e8re, il ressort que 28,6% des visiteurs du salon sont d\u2019une cat\u00e9gorie socioprofessionnelle sup\u00e9rieure. 35,7% d\u2019entre eux sont des visiteurs europ\u00e9ens. En ce qui concerne l\u2019int\u00e9r\u00eat manifest\u00e9 aux segments immobiliers, il ressort que les visiteurs du salon sont plus int\u00e9ress\u00e9s par le logement interm\u00e9diaire (42,5%). Le logement social arrive en deuxi\u00e8me position (33,9%). En parall\u00e8le, 17,5% des visiteurs sont \u00e0 l\u2019aff\u00fbt du logement haut standing au moment o\u00f9 6% sont en qu\u00eate de terrain \u00e0 construire.<\/p>\n<p>Auteur: Kawtar Tali<br \/>\n<a href=\"http:\/\/aujourdhui.ma\/economie\/immobilier\/cette-etape-marque-le-demarrage-du-roadshow-2019-et-de-16-pour-le-smap-paris\">Cliquez ici pour lire l&rsquo;article depuis sa source.<\/a><\/p>\n","protected":false},"excerpt":{"rendered":"<p>L\u2019immobilier marocain marque son retour en force \u00e0 Paris. Le SMAP Immo, le plus grand salon d\u2019Europe en la mati\u00e8re, ouvre ses portes le 14 juin d\u00e9marrant ainsi la premi\u00e8re \u00e9tape du Roadshow 2019. L\u2019escale parisienne est un rendez-vous important aussi bien pour les organisateurs du SMAP que pour les participants et visiteurs. Paris reste [&hellip;]<\/p>\n","protected":false},"author":1759,"featured_media":0,"comment_status":"closed","ping_status":"closed","sticky":false,"template":"","format":"standard","meta":{"fifu_image_url":"","fifu_image_alt":"","footnotes":""},"categories":[73,54],"tags":[],"class_list":["post-40524","post","type-post","status-publish","format-standard","hentry","category-actualite","category-maroc"],"_links":{"self":[{"href":"https:\/\/linitiative.ca\/International\/wp-json\/wp\/v2\/posts\/40524","targetHints":{"allow":["GET"]}}],"collection":[{"href":"https:\/\/linitiative.ca\/International\/wp-json\/wp\/v2\/posts"}],"about":[{"href":"https:\/\/linitiative.ca\/International\/wp-json\/wp\/v2\/types\/post"}],"author":[{"embeddable":true,"href":"https:\/\/linitiative.ca\/International\/wp-json\/wp\/v2\/users\/1759"}],"replies":[{"embeddable":true,"href":"https:\/\/linitiative.ca\/International\/wp-json\/wp\/v2\/comments?post=40524"}],"version-history":[{"count":0,"href":"https:\/\/linitiative.ca\/International\/wp-json\/wp\/v2\/posts\/40524\/revisions"}],"wp:attachment":[{"href":"https:\/\/linitiative.ca\/International\/wp-json\/wp\/v2\/media?parent=40524"}],"wp:term":[{"taxonomy":"category","embeddable":true,"href":"https:\/\/linitiative.ca\/International\/wp-json\/wp\/v2\/categories?post=40524"},{"taxonomy":"post_tag","embeddable":true,"href":"https:\/\/linitiative.ca\/International\/wp-json\/wp\/v2\/tags?post=40524"}],"curies":[{"name":"wp","href":"https:\/\/api.w.org\/{rel}","templated":true}]}}