{"id":40525,"date":"2019-06-14T07:14:35","date_gmt":"2019-06-14T11:14:35","guid":{"rendered":"https:\/\/linitiative.ca\/International\/la-fondation-nationale-des-musees-sallie-au-ministere-de-la-culture\/"},"modified":"2019-06-14T07:14:35","modified_gmt":"2019-06-14T11:14:35","slug":"la-fondation-nationale-des-musees-sallie-au-ministere-de-la-culture","status":"publish","type":"post","link":"https:\/\/linitiative.ca\/International\/la-fondation-nationale-des-musees-sallie-au-ministere-de-la-culture\/","title":{"rendered":"La Fondation nationale des mus\u00e9es s\u2019allie au minist\u00e8re de la culture"},"content":{"rendered":"<p><img decoding=\"async\" class=\"post_layout_5_img\" src=\"http:\/\/aujourdhui.ma\/wp-content\/uploads\/2019\/06\/Organisation-de-la-Biennale-internationale-Mohamed-Laaraj-et-Mehdi-Qotbi.jpg?x29840\" alt=\"La Fondation nationale des mus\u00e9es s\u2019allie au minist\u00e8re de la culture\"\/><\/p>\n<p class=\"p1\"><span class=\"c4\"><strong>Plusieurs sites historiques accueilleront la Biennale internationale de Rabat<\/strong><\/span> <span id=\"more-312936\"\/><\/p>\n<p class=\"p1\"><span class=\"s1\">La Fondation nationale des mus\u00e9es (FNM) et le minist\u00e8re de la culture et de la communication ont sign\u00e9 une convention de partenariat visant l\u2019organisation de la Biennale internationale de Rabat, pr\u00e9vue du 10 septembre au 10 d\u00e9cembre. En vertu de cette convention, le minist\u00e8re s\u2019engage \u00e0 mettre en place plusieurs espaces \u00e0 la disposition de la Fondation pour abriter les diff\u00e9rentes activit\u00e9s organis\u00e9es dans le cadre de cet \u00e9v\u00e8nement. Il s\u2019agit du site historique de Chellah, l\u2019esplanade de la Biblioth\u00e8que nationale du Royaume du Maroc et le jardin des Oudayas.<\/span><\/p>\n<p class=\"p1\"><span class=\"s1\">En effet, cette convention entre le minist\u00e8re et la FNM permettra aux deux parties d\u2019approfondir leur coop\u00e9ration d\u2019autant qu\u2019elle refl\u00e8te leur ambition d\u2019organiser un \u00e9v\u00e9nement digne de la r\u00e9putation artistique de Rabat et d\u2019animer l\u2019action culturelle au Maroc. Mohamed Laaraj, ministre de la culture et de la communication, a indiqu\u00e9 \u00e0 ce sujet qu\u2019il faut <em>\u00abconna\u00eetre la richesse culturelle et civilisationnelle du Maroc aux niveaux national et international\u00bb<\/em> tout en soulignant que <em>\u00ables visiteurs auront l\u2019occasion de conna\u00eetre de pr\u00e8s un produit culturel diversifi\u00e9 et de qualit\u00e9\u00bb.<\/em> Pour sa part, Mehdi Qotbi, pr\u00e9sident de la Fondation nationale des mus\u00e9es, a indiqu\u00e9 que <em>\u00abla Biennale de Rabat est une occasion de repenser l\u2019\u00e9criture de l\u2019art et du monde au f\u00e9minin, qui donnera davantage de rayonnement \u00e0 la ville lumi\u00e8re\u00bb,<\/em> ajoutant que <em>\u00abcet \u00e9v\u00e9nement est porteur d\u2019une forte signification sur l\u2019ouverture et le statut de la femme au Maroc\u00bb.<\/em><span class=\"Apple-converted-space\">\u00a0<\/span> Pour rappel, la Biennale internationale de Rabat sera organis\u00e9e sous le th\u00e8me \u00abUn instant avant le monde\u00bb.<\/span><\/p>\n<p class=\"p1\"><span class=\"s1\">Cette premi\u00e8re \u00e9dition accueillera une soixantaine d\u2019artistes femmes (architectes, cin\u00e9astes, chor\u00e9graphes, metteures en sc\u00e8ne), dont 12 Marocaines, issues de 30 nationalit\u00e9s, qui sont invit\u00e9es \u00e0 participer \u00e0 cet \u00e9v\u00e9nement d\u2019envergure internationale. Elles viendront d\u2019Afrique, d\u2019Europe, du monde arabe, d\u2019Am\u00e9rique du Nord, d\u2019Am\u00e9rique latine et d\u2019Asie. Parmi les invit\u00e9es, l\u2019artiste r\u00e9alisatrice et photographe, plusieurs fois prim\u00e9e, Tala Hadid offre un nouveau film \u00e0 cet \u00e9v\u00e8nement. La po\u00e9tesse am\u00e9ricano-libanaise, \u00e9crivaine et artiste visuelle, Etel Adnan, invite le public marocain dans son univers atypique et Bouchra Ouizguen, danseuse et chor\u00e9graphe marocaine, qui part du r\u00e9el pour offrir des spectacles in\u00e9dits.<\/span><\/p>\n<p class=\"p1\"><span class=\"s1\">Un hommage sera rendu \u00e0 Oum Keltoum, en tant qu\u2019\u0153uvre introductive, en ressortant des archives ce fameux concert de 1968, qu\u2019elle avait offert au Maroc. De plus, une carte blanche sera donn\u00e9e \u00e0 l\u2019artiste contemporain Mohamed El Baz. Le cin\u00e9ma sera aussi repr\u00e9sent\u00e9 par la cin\u00e9math\u00e8que marocaine et Narjiss Nejjar qui aura \u00e9galement carte blanche. Le deuxi\u00e8me parlement des \u00e9crivaines francophones initi\u00e9 par l\u2019\u00e9crivaine tunisienne Fouzia Zouhari se tiendra \u00e0 Rabat dans le cadre de cette Biennale, apr\u00e8s une premi\u00e8re \u00e9dition \u00e0 Orl\u00e9ans.<\/span><\/p>\n<p>Auteur: Siham Jadraoui<br \/>\n<a href=\"http:\/\/aujourdhui.ma\/culture\/la-fondation-nationale-des-musees-sallie-au-ministere-de-la-culture\">Cliquez ici pour lire l&rsquo;article depuis sa source.<\/a><\/p>\n","protected":false},"excerpt":{"rendered":"<p>Plusieurs sites historiques accueilleront la Biennale internationale de Rabat La Fondation nationale des mus\u00e9es (FNM) et le minist\u00e8re de la culture et de la communication ont sign\u00e9 une convention de partenariat visant l\u2019organisation de la Biennale internationale de Rabat, pr\u00e9vue du 10 septembre au 10 d\u00e9cembre. En vertu de cette convention, le minist\u00e8re s\u2019engage \u00e0 [&hellip;]<\/p>\n","protected":false},"author":1759,"featured_media":0,"comment_status":"closed","ping_status":"closed","sticky":false,"template":"","format":"standard","meta":{"fifu_image_url":"","fifu_image_alt":"","footnotes":""},"categories":[73,54],"tags":[],"class_list":["post-40525","post","type-post","status-publish","format-standard","hentry","category-actualite","category-maroc"],"_links":{"self":[{"href":"https:\/\/linitiative.ca\/International\/wp-json\/wp\/v2\/posts\/40525","targetHints":{"allow":["GET"]}}],"collection":[{"href":"https:\/\/linitiative.ca\/International\/wp-json\/wp\/v2\/posts"}],"about":[{"href":"https:\/\/linitiative.ca\/International\/wp-json\/wp\/v2\/types\/post"}],"author":[{"embeddable":true,"href":"https:\/\/linitiative.ca\/International\/wp-json\/wp\/v2\/users\/1759"}],"replies":[{"embeddable":true,"href":"https:\/\/linitiative.ca\/International\/wp-json\/wp\/v2\/comments?post=40525"}],"version-history":[{"count":0,"href":"https:\/\/linitiative.ca\/International\/wp-json\/wp\/v2\/posts\/40525\/revisions"}],"wp:attachment":[{"href":"https:\/\/linitiative.ca\/International\/wp-json\/wp\/v2\/media?parent=40525"}],"wp:term":[{"taxonomy":"category","embeddable":true,"href":"https:\/\/linitiative.ca\/International\/wp-json\/wp\/v2\/categories?post=40525"},{"taxonomy":"post_tag","embeddable":true,"href":"https:\/\/linitiative.ca\/International\/wp-json\/wp\/v2\/tags?post=40525"}],"curies":[{"name":"wp","href":"https:\/\/api.w.org\/{rel}","templated":true}]}}