{"id":40526,"date":"2019-06-14T07:14:47","date_gmt":"2019-06-14T11:14:47","guid":{"rendered":"https:\/\/linitiative.ca\/International\/qotbi-met-en-avant-la-renovation-des-musees\/"},"modified":"2019-06-14T07:14:47","modified_gmt":"2019-06-14T11:14:47","slug":"qotbi-met-en-avant-la-renovation-des-musees","status":"publish","type":"post","link":"https:\/\/linitiative.ca\/International\/qotbi-met-en-avant-la-renovation-des-musees\/","title":{"rendered":"Qotbi met en avant la r\u00e9novation des mus\u00e9es"},"content":{"rendered":"<header>\n<div class=\"entry-post-meta\">\n<div class=\"author-link\">Publi\u00e9 par <a itemprop=\"author\" itemscope=\"\" itemtype=\"https:\/\/schema.org\/Person\" href=\"http:\/\/aujourdhui.ma\/profile\/kaid\" rel=\"author\"><span itemprop=\"name\">ALM<\/span><\/a><\/div>\n<p>Date\u00a0:<time content=\"2019-06-14T12:14:47+00:00\" class=\"entry-date updated\" datetime=\"2019-06-14T12:14:47+00:00\">juin 14, 2019<\/time><\/p>\n<div class=\"entry-cat\">dans:<a href=\"http:\/\/aujourdhui.ma\/category\/culture\" rel=\"category tag\">Culture<\/a><\/div>\n<p>0 Vues<\/p>\n<\/div>\n<\/header>\n<div class=\"entry-content clearfix\" readability=\"65\"><img decoding=\"async\" class=\"post_layout_5_img\" src=\"http:\/\/aujourdhui.ma\/wp-content\/uploads\/2019\/06\/Mehdi-Qotbi.jpg?x29840\" alt=\"Qotbi met en avant la r\u00e9novation des mus\u00e9es\"\/><\/p>\n<p class=\"p1\"><span class=\"c4\"><strong><em>Lors de la 70\u00e8me session du \u00abCarrefour Diplomatique\u00bb organis\u00e9e \u00e0 Rabat<\/em><\/strong><\/span> <span id=\"more-312937\"\/><\/p>\n<p class=\"p1\">Le pr\u00e9sident de la Fondation nationale des mus\u00e9es (FNM), Mehdi Qotbi, a mis en avant, mercredi \u00e0 Rabat, la r\u00e9novation des mus\u00e9es et leur mise en conformit\u00e9 avec les crit\u00e8res internationaux en la mati\u00e8re. La r\u00e9novation des mus\u00e9es demeure l\u2019un des principaux objectifs de la Fondation, a soulign\u00e9 M. Qotbi lors de la 70\u00e8me session du \u00abCarrefour Diplomatique\u00bb organis\u00e9e au Mus\u00e9e Mohammed VI d\u2019art moderne et contemporain (MMVI), \u00e0 l\u2019initiative de la Fondation diplomatique, indique la FNM dans un communiqu\u00e9.<\/p>\n<p class=\"p1\">Dans ce contexte, M. Qotbi a fait remarquer que le terme \u00abmus\u00e9e\u00bb doit \u00eatre associ\u00e9 au respect d\u2019un cahier des charges strict, comme cela se fait ailleurs. <em>\u00abIl est important d\u2019offrir aux Marocains, mais aussi aux visiteurs \u00e9trangers, des espaces qui mettent en valeur notre patrimoine et qui racontent notre belle histoire\u00bb, a insist\u00e9 M. Qotbi qui a pr\u00e9sid\u00e9 cette 70\u00e8me session du \u00abCarrefour Diplomatique\u00bb,<\/em> tenue en pr\u00e9sence d\u2019une trentaine d\u2019ambassadeurs \u00e9trangers et chefs de missions diplomatiques repr\u00e9sentant les cinq continents, accr\u00e9dit\u00e9s au Maroc.<\/p>\n<p class=\"p1\">Apr\u00e8s avoir mis en exergue les actions de la Fondation en faveur de la r\u00e9novation de plusieurs mus\u00e9es nationaux, M. Qotbi a notamment soulign\u00e9 que <em>\u00abl\u2019un des objectifs du mus\u00e9e est d\u2019attirer les Marocains vers la culture et de les int\u00e9resser \u00e0 l\u2019art\u00bb<\/em>. Il a \u00e9galement rappel\u00e9 qu\u2019\u00e0 l\u2019initiative de SM le Roi Mohammed VI, les heures d\u2019ouverture du Mus\u00e9e Mohammed VI d\u2019art moderne et contemporain ont \u00e9t\u00e9 \u00e9tendues jusqu\u2019\u00e0 20h00, permettant \u00e0 ceux qui le souhaitent de faire une pause artistique apr\u00e8s le travail ou apr\u00e8s les cours. Cette session du \u00abCarrefour Diplomatique\u00bb a \u00e9t\u00e9 marqu\u00e9e par un \u00e9change ax\u00e9 sur les avanc\u00e9es concr\u00e9tis\u00e9es par le Maroc en mati\u00e8re de mus\u00e9ologie, la remise \u00e0 niveau des mus\u00e9es nationaux et la redynamisation du secteur.<\/p>\n<\/div>\n<p>Auteur: ALM<br \/>\n<a href=\"http:\/\/aujourdhui.ma\/culture\/qotbi-met-en-avant-la-renovation-des-musees\">Cliquez ici pour lire l&rsquo;article depuis sa source.<\/a><\/p>\n","protected":false},"excerpt":{"rendered":"<p>Publi\u00e9 par ALM Date\u00a0:juin 14, 2019 dans:Culture 0 Vues Lors de la 70\u00e8me session du \u00abCarrefour Diplomatique\u00bb organis\u00e9e \u00e0 Rabat Le pr\u00e9sident de la Fondation nationale des mus\u00e9es (FNM), Mehdi Qotbi, a mis en avant, mercredi \u00e0 Rabat, la r\u00e9novation des mus\u00e9es et leur mise en conformit\u00e9 avec les crit\u00e8res internationaux en la mati\u00e8re. La [&hellip;]<\/p>\n","protected":false},"author":1759,"featured_media":0,"comment_status":"closed","ping_status":"closed","sticky":false,"template":"","format":"standard","meta":{"fifu_image_url":"","fifu_image_alt":"","footnotes":""},"categories":[73,54],"tags":[],"class_list":["post-40526","post","type-post","status-publish","format-standard","hentry","category-actualite","category-maroc"],"_links":{"self":[{"href":"https:\/\/linitiative.ca\/International\/wp-json\/wp\/v2\/posts\/40526","targetHints":{"allow":["GET"]}}],"collection":[{"href":"https:\/\/linitiative.ca\/International\/wp-json\/wp\/v2\/posts"}],"about":[{"href":"https:\/\/linitiative.ca\/International\/wp-json\/wp\/v2\/types\/post"}],"author":[{"embeddable":true,"href":"https:\/\/linitiative.ca\/International\/wp-json\/wp\/v2\/users\/1759"}],"replies":[{"embeddable":true,"href":"https:\/\/linitiative.ca\/International\/wp-json\/wp\/v2\/comments?post=40526"}],"version-history":[{"count":0,"href":"https:\/\/linitiative.ca\/International\/wp-json\/wp\/v2\/posts\/40526\/revisions"}],"wp:attachment":[{"href":"https:\/\/linitiative.ca\/International\/wp-json\/wp\/v2\/media?parent=40526"}],"wp:term":[{"taxonomy":"category","embeddable":true,"href":"https:\/\/linitiative.ca\/International\/wp-json\/wp\/v2\/categories?post=40526"},{"taxonomy":"post_tag","embeddable":true,"href":"https:\/\/linitiative.ca\/International\/wp-json\/wp\/v2\/tags?post=40526"}],"curies":[{"name":"wp","href":"https:\/\/api.w.org\/{rel}","templated":true}]}}