{"id":40527,"date":"2019-06-14T07:17:31","date_gmt":"2019-06-14T11:17:31","guid":{"rendered":"https:\/\/linitiative.ca\/International\/hassan-kachach-je-souhaite-que-le-cinema-algerien-selargisse-et-aille-meme-vers-le-film-commercial\/"},"modified":"2019-06-14T07:17:31","modified_gmt":"2019-06-14T11:17:31","slug":"hassan-kachach-je-souhaite-que-le-cinema-algerien-selargisse-et-aille-meme-vers-le-film-commercial","status":"publish","type":"post","link":"https:\/\/linitiative.ca\/International\/hassan-kachach-je-souhaite-que-le-cinema-algerien-selargisse-et-aille-meme-vers-le-film-commercial\/","title":{"rendered":"Hassan Kachach : \u00abJe souhaite que le cin\u00e9ma alg\u00e9rien s\u2019\u00e9largisse et aille m\u00eame vers le film commercial \u00bb"},"content":{"rendered":"<p><img decoding=\"async\" class=\"post_layout_5_img\" src=\"http:\/\/aujourdhui.ma\/wp-content\/uploads\/2019\/06\/Hassan-Kachach-acteur-alge%CC%81rien.jpg?x29840\" alt=\"Hassan Kachach : \u00abJe souhaite que le cin\u00e9ma alg\u00e9rien s\u2019\u00e9largisse et aille m\u00eame vers le film commercial \u00bb\"\/><\/p>\n<p class=\"p1\"><span class=\"c4\"><strong><em>Entretien avec<\/em> Hassan Kachach, <em>acteur alg\u00e9rien<\/em><\/strong><\/span><span id=\"more-312943\"\/><\/p>\n<div class=\"base-box mom_box_sc_custom mom_box_sc clear c5\" readability=\"13\">\n<p class=\"p1\"><strong><em>L\u2019acteur alg\u00e9rien est invit\u00e9 au 8\u00e8me Festival maghr\u00e9bin du film d\u2019Oujda qui se poursuit jusqu\u2019au 15 juin. Nous l\u2019avons rencontr\u00e9 lors de cette manifestation cin\u00e9matographique en soir\u00e9e de son deuxi\u00e8me jour marqu\u00e9 par le lancement de la projection de films, notamment des productions marocaines et alg\u00e9riennes. L\u2019artiste, de profession m\u00e9dicale pr\u00e9c\u00e9demment, livre ses regards sur celles-ci ainsi que sur le festival.<span class=\"Apple-converted-space\">\u00a0 \u00a0 \u00a0<\/span><\/em><\/strong><\/p>\n<\/div>\n<p class=\"p2\"><span class=\"s1\"><strong>ALM : Vous \u00eates un ami du festival. Comment cet \u00e9v\u00e9nement grandit \u00e0 vos yeux ?<\/strong><\/span><\/p>\n<p class=\"p2\"><span class=\"s1\"><strong>Hassan Kachach :<\/strong> Avec le festival, il y a tout d\u2019abord pour moi deux points d\u2019attache. Le premier, c\u2019est que j\u2019ai accompagn\u00e9 l\u2019\u00e9v\u00e9nement depuis sa cr\u00e9ation quand il \u00e9tait d\u00e9di\u00e9 au court-m\u00e9trage. J\u2019ai ainsi vu un r\u00eave et une ambition avec des amis, notamment les organisateurs et certains cin\u00e9astes marocains. Ils ont port\u00e9 ce festival avec beaucoup d\u2019\u00e9nergie et peu de moyens. Mais le d\u00e9fi est l\u00e0. Aujourd\u2019hui, nous sommes en train de constater les objectifs atteints sur un plan parce que le festival est pass\u00e9 du court au long m\u00e9trage et au documentaire. Il s\u2019est impos\u00e9 avec sa s\u00e9lection de films, son organisation. C\u2019est plut\u00f4t un festival tr\u00e8s chaleureux et enrichissant puisque je rencontre des amis et de nouveaux venus tous les ans. C\u2019est le type d\u2019\u00e9v\u00e9nements que j\u2019aime beaucoup. C\u2019est aussi une occasion pour faire des coproductions ou s\u2019inscrire dans un nouveau projet qui regroupe des pays maghr\u00e9bins. Quant au deuxi\u00e8me point, il concerne l\u2019opportunit\u00e9 qu\u2019offre un festival pour voir beaucoup de nouveaux films de diff\u00e9rents horizons et de jeunes cin\u00e9astes, notamment maghr\u00e9bins, qui s\u2019inscrivent dans un cin\u00e9ma d\u2019auteur et de qualit\u00e9. Celle-ci marque le cin\u00e9ma maghr\u00e9bin, qu\u2019il soit marocain, alg\u00e9rien, tunisien, mauritanien ou libyen. De plus, le festival figure dans la carte des rendez-vous cin\u00e9matographiques de la r\u00e9gion, que ce soit dans le Maghreb ou dans le monde arabe.<\/span><\/p>\n<p class=\"p2\"><span class=\"s1\"><strong>Puisque vous parlez de carte des rendez-vous cin\u00e9matographiques, est-ce que ce festival est inscrit dans celle alg\u00e9rienne ?<\/strong><\/span><\/p>\n<p class=\"p2\"><span class=\"s1\">Non seulement \u00e0 Alger, mais aussi ailleurs. Cet \u00e9v\u00e9nement s\u2019est impos\u00e9 et il a sa place dans le grand Maghreb. Au minimum, j\u2019ai vu d\u00e9filer des dizaines de cin\u00e9astes, com\u00e9diens, critiques, voire des techniciens alg\u00e9riens et tunisiens et arabes. Ce rendez-vous est quand m\u00eame \u00e0 sa 8\u00e8me \u00e9dition, donc il est r\u00e9put\u00e9. Aussi, Oujda est une destination artistique. Son festival s\u2019est cr\u00e9\u00e9 une place solide non seulement en Alg\u00e9rie mais aussi en Tunisie. Par l\u2019occasion, je vais vous citer mon exp\u00e9rience puisque je viens de terminer une coproduction de feuilleton alg\u00e9ro-tunisien en drama et j\u2019ai fait un film en Tunisie avec Abdellatif Benammar, c\u2019\u00e9tait une coproduction entre les deux minist\u00e8res de la culture. Dans ce sens, j\u2019ai connu beaucoup d\u2019artistes tunisiens avec qui j\u2019ai des \u00e9changes qui convergent vers une plate-forme de coproduction maghr\u00e9bine en surmontant les probl\u00e8mes de montage financier et cibler un march\u00e9 de spectateurs plus large. Pourquoi pas ! Nous pouvons travailler ensemble et faire de belles choses.<\/span><\/p>\n<p class=\"p2\"><span class=\"s2\"><strong>Verrons-nous lors de cette \u00e9dition un film o\u00f9 vous vous affichez ?<\/strong><\/span><\/p>\n<p class=\"p2\"><span class=\"s2\">Cette ann\u00e9e, je ne participe pas avec un film au festival. J\u2019y suis en tant qu\u2019invit\u00e9. C\u2019est la 4\u00e8me ou 5\u00e8me fois que j\u2019y viens. Peut-\u00eatre que j\u2019aurai, l\u2019ann\u00e9e prochaine, ici un film. Je l\u2019esp\u00e8re vivement. Pour ma part, j\u2019ai d\u00e9j\u00e0 particip\u00e9 au film \u00abLes 7 remparts de la citadelle\u00bb avec Ahmed Rachedi. Il a d\u2019ailleurs \u00e9t\u00e9 projet\u00e9 \u00e0 Casablanca<\/span><span class=\"s1\">.\u00a0<\/span><\/p>\n<p class=\"p2\"><span class=\"s1\"><strong>Le 2\u00e8me jour du festival a \u00e9t\u00e9 marqu\u00e9 par le lancement de la projection de films, notamment des productions marocaines et alg\u00e9riennes. Quel serait le point commun entre les deux ?<\/strong><\/span><\/p>\n<p class=\"p2\"><span class=\"s1\">Pour les deux longs-m\u00e9trages \u00abReconnaissance\u00bb de son jeune r\u00e9alisateur alg\u00e9rien, Salim Hamdi, et \u00abCri de l\u2019\u00e2me\u00bb de son r\u00e9alisateur marocain Abdelilah Eljaouhary, ce sont des films d\u2019auteur. Ce sont des sujets auxquels ils portent un int\u00e9r\u00eat particulier, notamment le patrimoine culturel. Le premier \u00e9tant d\u00e9di\u00e9 \u00e0 la m\u00e9moire et le deuxi\u00e8me \u00e0 l\u2019art de l\u2019a\u00efta. Les deux ont \u00e9galement une dimension humaine. Ils n\u2019ont<span class=\"Apple-converted-space\">\u00a0<\/span> pas fait dans le commercial. Ils ont plut\u00f4t vers\u00e9 dans l\u2019histoire et l\u2019identit\u00e9 culturelle ainsi que les id\u00e9aux. Pour le premier film, le sujet est aussi noble, il a un rapport avec la fid\u00e9lit\u00e9. C\u2019est un jeune cin\u00e9aste alg\u00e9rien qui parle d\u2019un sujet trait\u00e9 par les pionniers. Cependant il y a une continuit\u00e9 avec une approche diff\u00e9rente. Quant au deuxi\u00e8me, il nous a habitu\u00e9s au film engag\u00e9. Il s\u2019est de plus inscrit dans le chant jusqu\u2019\u00e0 la fin du film en abordant des sujets humains profonds.\u00a0<\/span><\/p>\n<p class=\"p2\"><span class=\"s1\"><strong>Certains estiment que le cin\u00e9ma alg\u00e9rien aborde souvent la guerre. Quel commentaire en faites-vous ?<\/strong><\/span><\/p>\n<p class=\"p2\"><span class=\"s1\">Je crois que la guerre d\u2019Alg\u00e9rie est toujours une source d\u2019inspiration. C\u2019est un devoir de m\u00e9moire. C\u2019est un ciment qui consolide la soci\u00e9t\u00e9. Nous avons toujours besoin d\u2019y revenir. Mais il y a d\u2019autres films. Si nous avons vu au festival le film \u00abReconnaissance\u00bb qui aborde cette m\u00e9moire, le film \u00abPoint z\u00e9ro\u00bb de l\u2019Alg\u00e9rien Nassim Boumaiza que nous avons vu \u00e9galement au festival est contemporain et il y a bien d\u2019autres. C\u2019est plut\u00f4t un cin\u00e9ma diversifi\u00e9 puisqu\u2019il parle de r\u00e9volution, de r\u00e9alit\u00e9, d\u2019ambitions, d\u2019immigration et de la d\u00e9cennie noire entre autres. Aussi, les jeunes cin\u00e9astes peuvent aborder les m\u00eames th\u00e9matiques mais sous un autre angle. Je souhaite que le cin\u00e9ma alg\u00e9rien s\u2019\u00e9largisse et aille m\u00eame vers le film commercial. Pourquoi pas ! Je consid\u00e8re que les taxes, billetteries et retours sur investissement peuvent \u00eatre inject\u00e9s dans la production, ce qui va aider d\u2019autres films avec de bons sc\u00e9narios \u00e0 voir le jour. Ainsi, ceux-ci peuvent \u00eatre commercialisables en cr\u00e9ant une industrie et des r\u00e9seaux de distribution. De plus, le cin\u00e9ma alg\u00e9rien a eu l\u2019Oscar avec le film \u00abZ\u00bb et d\u2019autres prix internationaux. Nous participons \u00e0 d\u2019autres \u00e9v\u00e9nements comme le festival de Cannes. C\u2019est le cas du film \u00abEn attendant les hirondelles\u00bb de Karim Moussaoui dans lequel je m\u2019affiche.<span class=\"Apple-converted-space\">\u00a0 \u00a0 \u00a0<\/span><\/span><\/p>\n<p class=\"p2\"><span class=\"s1\"><strong>Vous avez exerc\u00e9 la m\u00e9decine. Comment exploitez-vous cette profession en art ?\u00a0<\/strong><\/span><\/p>\n<p class=\"p2\"><span class=\"s1\">Cela fait un bon moment que je ne fais que de l\u2019art. La m\u00e9decine ou toute autre formation, c\u2019est un r\u00e9servoir o\u00f9 nous pouvons puiser nos \u00e9tats d\u2019\u00e2me. Certainement c\u2019est un plus, mais je consid\u00e8re aussi que la m\u00e9decine, qui s\u2019occupe du corps, a quelque chose de plus important, c\u2019est le contact m\u00e9decin-malade et la confiance. Ce rapport humain se retrouve \u00e9galement dans le cin\u00e9ma que ce soit avec les com\u00e9diens, les r\u00e9alisateurs ou techniciens. Aussi, l\u2019observation chez le m\u00e9decin aide \u00e0 communiquer et \u00e9couter l\u2019autre. La m\u00e9decine peut s\u2019occuper du corps et du physique, le cin\u00e9ma s\u2019occupe de l\u2019\u00e2me et la raison.<\/span><\/p>\n<p class=\"p2\"><span class=\"s1\"><strong>Auriez-vous des projets ?<\/strong><\/span><\/p>\n<p class=\"p2\"><span class=\"s1\">Je suis sur deux que j\u2019ai envie de faire \u00e0 la fois. Il y a un film cin\u00e9matographique dont je pr\u00e9f\u00e8re ne pas d\u00e9voiler les d\u00e9tails puisque nous sommes au d\u00e9but. Aussi, nous travaillons sur la suite du feuilleton alg\u00e9ro-tunisien \u00abMacha\u00efr\u00bb (Sentiments). Il est pr\u00e9vu pour la p\u00e9riode d\u2019avant le Ramadan. En tout cas je vais tout faire pour travailler sur les deux parce que j\u2019aime beaucoup le film et le feuilleton a eu un tr\u00e8s bon retour en Alg\u00e9rie, en Tunisie et au Maroc. Cela fait plaisir. Pour rappel, j\u2019ai d\u00e9j\u00e0 jou\u00e9 au Maroc dans la s\u00e9rie \u00abAl Hayani\u00bb de Kamal Kamal. Une autre exp\u00e9rience ici serait la bienvenue.<\/span><\/p>\n<p class=\"p2\"><span class=\"s1\"><strong>Un dernier mot\u2026<\/strong><\/span><\/p>\n<p class=\"p2\"><span class=\"s1\">Je suis content d\u2019\u00eatre au festival avec mes amis. Nous sommes chez nous ! Je salue l\u2019\u00e9quipe d\u2019organisation du festival qui fait son travail avec beaucoup d\u2019amour.\u00a0<\/span><\/p>\n<p>Auteur: Salima Guisser<br \/>\n<a href=\"http:\/\/aujourdhui.ma\/culture\/cinema\/hassan-kachach-je-souhaite-que-le-cinema-algerien-selargisse-et-aille-meme-vers-le-film-commercial\">Cliquez ici pour lire l&rsquo;article depuis sa source.<\/a><\/p>\n","protected":false},"excerpt":{"rendered":"<p>Entretien avec Hassan Kachach, acteur alg\u00e9rien L\u2019acteur alg\u00e9rien est invit\u00e9 au 8\u00e8me Festival maghr\u00e9bin du film d\u2019Oujda qui se poursuit jusqu\u2019au 15 juin. Nous l\u2019avons rencontr\u00e9 lors de cette manifestation cin\u00e9matographique en soir\u00e9e de son deuxi\u00e8me jour marqu\u00e9 par le lancement de la projection de films, notamment des productions marocaines et alg\u00e9riennes. L\u2019artiste, de profession [&hellip;]<\/p>\n","protected":false},"author":1759,"featured_media":0,"comment_status":"closed","ping_status":"closed","sticky":false,"template":"","format":"standard","meta":{"fifu_image_url":"","fifu_image_alt":"","footnotes":""},"categories":[73,54],"tags":[],"class_list":["post-40527","post","type-post","status-publish","format-standard","hentry","category-actualite","category-maroc"],"_links":{"self":[{"href":"https:\/\/linitiative.ca\/International\/wp-json\/wp\/v2\/posts\/40527","targetHints":{"allow":["GET"]}}],"collection":[{"href":"https:\/\/linitiative.ca\/International\/wp-json\/wp\/v2\/posts"}],"about":[{"href":"https:\/\/linitiative.ca\/International\/wp-json\/wp\/v2\/types\/post"}],"author":[{"embeddable":true,"href":"https:\/\/linitiative.ca\/International\/wp-json\/wp\/v2\/users\/1759"}],"replies":[{"embeddable":true,"href":"https:\/\/linitiative.ca\/International\/wp-json\/wp\/v2\/comments?post=40527"}],"version-history":[{"count":0,"href":"https:\/\/linitiative.ca\/International\/wp-json\/wp\/v2\/posts\/40527\/revisions"}],"wp:attachment":[{"href":"https:\/\/linitiative.ca\/International\/wp-json\/wp\/v2\/media?parent=40527"}],"wp:term":[{"taxonomy":"category","embeddable":true,"href":"https:\/\/linitiative.ca\/International\/wp-json\/wp\/v2\/categories?post=40527"},{"taxonomy":"post_tag","embeddable":true,"href":"https:\/\/linitiative.ca\/International\/wp-json\/wp\/v2\/tags?post=40527"}],"curies":[{"name":"wp","href":"https:\/\/api.w.org\/{rel}","templated":true}]}}