{"id":40531,"date":"2019-06-14T10:00:38","date_gmt":"2019-06-14T14:00:38","guid":{"rendered":"https:\/\/linitiative.ca\/International\/presse-ecrite-face-a-la-baisse-des-ventes-mondiales-linnovation-a-la-rescousse\/"},"modified":"2019-06-14T10:00:38","modified_gmt":"2019-06-14T14:00:38","slug":"presse-ecrite-face-a-la-baisse-des-ventes-mondiales-linnovation-a-la-rescousse","status":"publish","type":"post","link":"https:\/\/linitiative.ca\/International\/presse-ecrite-face-a-la-baisse-des-ventes-mondiales-linnovation-a-la-rescousse\/","title":{"rendered":"Presse \u00e9crite : Face \u00e0 la baisse des ventes mondiales, l\u2019innovation \u00e0 la rescousse"},"content":{"rendered":"<p><img decoding=\"async\" class=\"post_layout_5_img\" src=\"http:\/\/aujourdhui.ma\/wp-content\/uploads\/2019\/06\/Cyril-Petit-Presse-e%CC%81crite.jpg?x29840\" alt=\"Presse \u00e9crite : Face \u00e0 la baisse des ventes mondiales, l\u2019innovation \u00e0 la rescousse\"\/><\/p>\n<p class=\"p1\"><span class=\"c4\"><strong>Si le format papier n\u2019est pas pr\u00e8s de dispara\u00eetre, les patrons de presse devront repenser leur mod\u00e8le \u00e9conomique de telle sorte \u00e0 \u00e9quilibrer leurs comptes tout en pr\u00e9servant la qualit\u00e9\u00a0<\/strong><strong>du contenu.<\/strong><\/span><span id=\"more-312920\"\/><\/p>\n<p class=\"p1\"><span class=\"s1\">L\u2019UPF Maroc (Union de la presse francophone) vient d\u2019organiser une conf\u00e9rence sur les innovations dans les m\u00e9tiers du journalisme. A l\u2019heure o\u00f9 la presse \u00e9crite est en perte de vitesse \u00e0 travers le monde il est imp\u00e9ratif de repenser les mod\u00e8les pour ramener l\u2019offre \u00e0 la demande. Une demande repr\u00e9sent\u00e9e par un lectorat qui est de moins en moins concentr\u00e9 mais de plus en plus exigeant, en termes de contenu. Cyril Petit, r\u00e9dacteur en chef central du Journal du Dimanche, m\u00e9dia \u00e9dit\u00e9 en France, a rappel\u00e9 les cl\u00e9s qui devraient ramener l\u2019innovation. Les d\u00e9tails.<\/span><\/p>\n<p class=\"p1\"><span class=\"s1\"><em>\u00abDes innovations dans les m\u00e9dias et la presse en France\u00bb,<\/em> c\u2019est la th\u00e9matique qui a \u00e9t\u00e9 retenue par l\u2019\u00e9quipe dirigeante de l\u2019UPF Maroc, pr\u00e9sid\u00e9e par Meryem Ouedghiri lors de la derni\u00e8re formation propos\u00e9e \u00e0 ses adh\u00e9rents. Cyril Petit a r\u00e9pondu pr\u00e9sent \u00e0 l\u2019appel compte tenu des enjeux conjoncturels que vit la presse dans le monde. L\u2019\u00e9v\u00e9nement est soutenu par l\u2019op\u00e9rateur de t\u00e9l\u00e9communications Orange. L\u2019expert introduira son discours par le rappel du livre de Jules Verne \u00abUne journ\u00e9e d\u2019un journaliste am\u00e9ricain en 2889\u00bb, avant-gardiste sur l\u2019impact de la technologie sur les m\u00e9dias.<\/span><\/p>\n<p class=\"p1\"><span class=\"s1\">Celui qui a invent\u00e9 le phonotelephote, il y a un si\u00e8cle d\u00e9j\u00e0, avait d\u00e9j\u00e0 imagin\u00e9 quelque part le iPhone\u2026 Cyril Petit demeure, cela dit, tr\u00e8s clair dans son discours par rapport \u00e0 la r\u00e9volution technologique. <em>\u00abJe ne vous parlerais pas d\u2019intelligence artificielle mais d\u2019innovations possibles dans la presse \u00e9crite\u00bb.<\/em> Vu sous cet angle, les journalistes se sentiront confort\u00e9s de demeurer une constante r\u00e9elle en mati\u00e8re de ressources pour la fabrication d\u2019un tabloid \u00e0 condition de pr\u00e9server le contenu! Le cadre de l\u2019\u00e9change est clairement d\u00e9fini. Partant de l\u00e0, il s\u2019agira de repenser plut\u00f4t les formats. Et le r\u00e9dacteur en chef du journal fran\u00e7ais sugg\u00e8re de revenir sur des m\u00e9thodes qui existent depuis des d\u00e9cennies et qui marchent comme les infos \u00e0 travers les quiz. <em>\u00abUn lecteur a une demi-seconde pour rentrer ou non dans un article\u00bb,<\/em> rappelle le professionnel. Et c\u2019est bien dans ce sens que le retour du r\u00e9sum\u00e9 est devenu indispensable au cas o\u00f9 le lecteur n\u2019aurait pas tout le temps de lire l\u2019int\u00e9gralit\u00e9 de l\u2019article.\u00a0<\/span><\/p>\n<p class=\"p1\"><span class=\"s1\">En clair, la presse \u00e9crite qui d\u2019une mani\u00e8re globale est en perte de vitesse, en termes de ventes, sera sauv\u00e9e \u00e0 travers la ligne \u00e9ditoriale et le contenu. Pour l\u2019heure, les constats sont t\u00eatus. La France perd 700 points de vente par an. Au Maroc, aucune statistique n\u2019est disponible mais ce qui est s\u00fbr c\u2019est que le lectorat n\u2019est pas identifi\u00e9 en raison de la chert\u00e9 des \u00e9tudes.<\/span><\/p>\n<p class=\"p1\"><span class=\"s1\">Cela dit, et \u00e0 travers le monde, la presse \u00e9crite n\u2019est pas \u00e0 n\u00e9gliger. Elle ne dispara\u00eetra pas, autrement dit. Et il s\u2019agira de tenir compte des nouvelles donn\u00e9es de l\u2019environnement. La premi\u00e8re est bien celle de la capacit\u00e9 de concentration du lecteur. Cyril Petit fera r\u00e9f\u00e9rence \u00e0 l\u2019ouvrage de Bruno Partino \u00abLa civilisation du poisson rouge\u00bb qui rappelle que la capacit\u00e9 du poisson rouge est de 8 secondes. Celle d\u2019un millenials a \u00e9t\u00e9 estim\u00e9e \u00e0 9 secondes.<\/span><\/p>\n<p class=\"p1\"><span class=\"s1\">Il est \u00e9vident que l\u2019angle d\u2019attaque d\u2019un papier d\u00e9terminera la poursuite de la lecture ou pas de l\u2019article. Et le lecteur, pris dans son quotidien n\u2019a pas le temps de chercher l\u2019information entre les lignes. C\u2019est ce qui fait d\u2019ailleurs de la radio un m\u00e9dia puissant. Avec le son, l\u2019individu peut faire autre chose tout en \u00e9coutant\u2026<\/span><\/p>\n<p class=\"p1\"><span class=\"s1\">Pour l\u2019heure, tous les journaux de la presse \u00e9crite sont pass\u00e9s au digital en mod\u00e8le payant en France. Le mod\u00e8le de la presse s\u2019\u00e9tant \u00e9tabli sur les lecteurs. Cela dit il s\u2019agira de se poser la question si les jeunes paieront l\u2019information. Il a \u00e9t\u00e9 identifi\u00e9 en France que la cat\u00e9gorie des personnes \u00e2g\u00e9es de 55 ans et plus est plus fan de la t\u00e9l\u00e9vision.\u00a0<\/span><\/p>\n<p class=\"p1\"><span class=\"s1\">Au Maroc, compte tenu du faible taux de lectorat, les sites des journaux sont accessibles sans abonnement. Seul un ou deux sont pass\u00e9s au mod\u00e8le payant.<\/span><\/p>\n<p class=\"p1\"><span class=\"s1\">Le New York Times compte 3,5 millions de lecteurs web abonn\u00e9s. Le contenu est essentiel \u00e0 ce niveau et plusieurs supports de presse privil\u00e9gient le divertissement pour augmenter le nombre d\u2019abonnements. Le m\u00e9dia am\u00e9ricain en fait un point fort.<\/span><\/p>\n<p class=\"p1\"><span class=\"s1\">Au Maroc, le smartphone est plus pr\u00e9sent qu\u2019ailleurs. Une donne \u00e0 prendre en consid\u00e9ration pour l\u2019adaptation des formats de contenu. Sur le plan mondial, Facebook perd des points et Google demeure le plus fiable en termes de r\u00e9f\u00e9rencement d\u2019articles de professionnels. Ceci confirme l\u2019importance encore une fois du contenu.<\/span><\/p>\n<p class=\"p1\"><span class=\"s1\">La question essentielle aujourd\u2019hui est de savoir comment diffuser l\u2019information. <em>\u00abEn mod\u00e8le imprim\u00e9, on sait o\u00f9 l\u2019on va contrairement au Web qui, tel un iceberg, ne permet pas au lecteur de savoir o\u00f9 il va\u00bb,<\/em> pr\u00e9cisera Cyril Petit.<\/span><\/p>\n<p class=\"p1\"><span class=\"s1\">En d\u00e9finitive, si le format papier n\u2019est pas pr\u00e8s de dispara\u00eetre, les patrons de presse devront repenser leur mod\u00e8le \u00e9conomique de telle sorte \u00e0 \u00e9quilibrer leurs comptes tout en pr\u00e9servant la qualit\u00e9 du contenu. Pour y parvenir, certains ont diminu\u00e9 la pagination du support. Int\u00e9grer des innovations dans la forme demeure l\u2019exercice qui est le plus adapt\u00e9. Et la pr\u00e9sentation de Cyril Petit les met en avant. Celle-ci renvoie \u00e0 la mani\u00e8re de faire aussi. D\u2019apr\u00e8s le t\u00e9moignage du r\u00e9dacteur en chef du Journal du Dimanche, les journalistes commencent \u00e0 travailler plus en \u00e9quipe sur plusieurs sujets \u00e0 la fois pour avancer plus vite avec une force de frappe en mati\u00e8re de qu\u00eate d\u2019information. Cela suppose un professionnalisme, une bonne connaissance de l\u2019autre bas\u00e9e sur le respect. Le m\u00e9tier y gagnera sur le plan qualitatif et quantitatif !<\/span><\/p>\n<p class=\"p1\"><span class=\"s1\">L\u2019UPF Maroc en est consciente. Le partage de savoir-faire et l\u2019\u00e9change devraient permettre d\u2019avancer \u00e0 condition que le lecteur soit au centre des pr\u00e9occupations ! L\u2019ind\u00e9pendance de la r\u00e9daction est n\u00e9cessaire.<\/span><\/p>\n<p>Auteur: Dounia Essabban<br \/>\n<a href=\"http:\/\/aujourdhui.ma\/societe\/presse-ecrite-face-a-la-baisse-des-ventes-mondiales-linnovation-a-la-rescousse\">Cliquez ici pour lire l&rsquo;article depuis sa source.<\/a><\/p>\n","protected":false},"excerpt":{"rendered":"<p>Si le format papier n\u2019est pas pr\u00e8s de dispara\u00eetre, les patrons de presse devront repenser leur mod\u00e8le \u00e9conomique de telle sorte \u00e0 \u00e9quilibrer leurs comptes tout en pr\u00e9servant la qualit\u00e9\u00a0du contenu. L\u2019UPF Maroc (Union de la presse francophone) vient d\u2019organiser une conf\u00e9rence sur les innovations dans les m\u00e9tiers du journalisme. A l\u2019heure o\u00f9 la presse [&hellip;]<\/p>\n","protected":false},"author":1759,"featured_media":0,"comment_status":"closed","ping_status":"closed","sticky":false,"template":"","format":"standard","meta":{"fifu_image_url":"","fifu_image_alt":"","footnotes":""},"categories":[73,54],"tags":[],"class_list":["post-40531","post","type-post","status-publish","format-standard","hentry","category-actualite","category-maroc"],"_links":{"self":[{"href":"https:\/\/linitiative.ca\/International\/wp-json\/wp\/v2\/posts\/40531","targetHints":{"allow":["GET"]}}],"collection":[{"href":"https:\/\/linitiative.ca\/International\/wp-json\/wp\/v2\/posts"}],"about":[{"href":"https:\/\/linitiative.ca\/International\/wp-json\/wp\/v2\/types\/post"}],"author":[{"embeddable":true,"href":"https:\/\/linitiative.ca\/International\/wp-json\/wp\/v2\/users\/1759"}],"replies":[{"embeddable":true,"href":"https:\/\/linitiative.ca\/International\/wp-json\/wp\/v2\/comments?post=40531"}],"version-history":[{"count":0,"href":"https:\/\/linitiative.ca\/International\/wp-json\/wp\/v2\/posts\/40531\/revisions"}],"wp:attachment":[{"href":"https:\/\/linitiative.ca\/International\/wp-json\/wp\/v2\/media?parent=40531"}],"wp:term":[{"taxonomy":"category","embeddable":true,"href":"https:\/\/linitiative.ca\/International\/wp-json\/wp\/v2\/categories?post=40531"},{"taxonomy":"post_tag","embeddable":true,"href":"https:\/\/linitiative.ca\/International\/wp-json\/wp\/v2\/tags?post=40531"}],"curies":[{"name":"wp","href":"https:\/\/api.w.org\/{rel}","templated":true}]}}