{"id":40534,"date":"2019-06-14T06:32:32","date_gmt":"2019-06-14T10:32:32","guid":{"rendered":"https:\/\/linitiative.ca\/International\/le-suriname-salue-le-role-de-leader-africain-de-sm-le-roi-mohammed-vi\/"},"modified":"2019-06-14T06:32:32","modified_gmt":"2019-06-14T10:32:32","slug":"le-suriname-salue-le-role-de-leader-africain-de-sm-le-roi-mohammed-vi","status":"publish","type":"post","link":"https:\/\/linitiative.ca\/International\/le-suriname-salue-le-role-de-leader-africain-de-sm-le-roi-mohammed-vi\/","title":{"rendered":"Le Suriname salue le r\u00f4le de \u00ableader africain\u00bb de SM le Roi Mohammed VI"},"content":{"rendered":"<p class=\"c4\"><span class=\"c3\"><strong>L<span class=\"c2\">e Suriname a salu\u00e9, mercredi, le r\u00f4le de SM le Roi Mohammed VI en tant que \u201cleader africain\u201d ainsi que l\u2019apport du Souverain \u00e0 la diplomatie r\u00e9gionale tant en Afrique que dans le monde.<\/span><\/strong><\/span><\/p>\n<p class=\"c4\">\u201cLe Gouvernement du Suriname salue le r\u00f4le jou\u00e9 par SM le Roi Mohammed VI en tant que leader africain, \u00e0 travers Son engagement dans la diplomatie r\u00e9gionale tant en Afrique qu\u2019ailleurs dans le monde\u201d, indique un communiqu\u00e9 conjoint sign\u00e9 \u00e0 l\u2019occasion de la visite officielle au Suriname du ministre des Affaires \u00e9trang\u00e8res et de la Coop\u00e9ration internationale, M. Nasser Bourita.<\/p>\n<p class=\"c4\">Cet engagement se manifeste \u00e0 travers \u201cl\u2019octroi d\u2019une assistance technique, l\u2019\u00e9ducation et la formation en vue d\u2019accro\u00eetre le commerce et les investissements et promouvoir le d\u00e9veloppement socio-\u00e9conomique en tant que moyens de promouvoir la prosp\u00e9rit\u00e9, la stabilit\u00e9, la paix et la s\u00e9curit\u00e9 dans le monde\u201d, poursuit le document publi\u00e9 \u00e0 l\u2019issue d\u2019entretiens entre M. Bourita et son homologue du Suriname Yldiz Pollack-Beighle.<\/p>\n<p class=\"c4\">Le gouvernement du Suriname a \u00e9galement remerci\u00e9 le Royaume pour sa pr\u00e9cieuse contribution en mati\u00e8re de d\u00e9veloppement et de financement.<\/p>\n<p class=\"c4\">A l\u2019occasion de la visite de M. Bourita \u00e0 Paramaribo, le Suriname a r\u00e9it\u00e9r\u00e9 sa d\u00e9cision de retirer sa reconnaissance de la fantomatique RASD, en exprimant son soutien \u00e0 une solution politique d\u00e9finitive au diff\u00e9rend r\u00e9gional sur le Sahara dans le cadre de la souverainet\u00e9 du Maroc et de son int\u00e9grit\u00e9 territoriale.<\/p>\n<p class=\"c4\">Les entretiens ente M. Bourita et Mme Pollack-Beighle, qui se sont d\u00e9roul\u00e9s en pr\u00e9sence notamment de l\u2019Ambassadeur du Maroc au Br\u00e9sil et au Suriname, M. Nabil Adghoghi, ont \u00e9t\u00e9 l\u2019occasion d\u2019\u00e9voquer les derniers d\u00e9veloppements de la question du Sahara marocain ainsi que plusieurs questions d\u2019int\u00e9r\u00eat commun li\u00e9es au commerce, aux investissements, \u00e0 la connectivit\u00e9, aux \u00e9changes culturels, au tourisme et \u00e0 l\u2019\u00e9change des exp\u00e9riences.<\/p>\n<p class=\"c4\">M. Bourita a entam\u00e9 mercredi une visite au Suriname, o\u00f9 il a eu des entretiens avec plusieurs hauts responsables du pays carib\u00e9en.<\/p>\n<p class=\"c5\"><span class=\"c3\"><strong>Sahara: soutien de l\u2019approche marocaine<\/strong><\/span><\/p>\n<p class=\"c4\">D\u2019autre part, le Suriname a r\u00e9it\u00e9r\u00e9, mercredi, sa d\u00e9cision de retirer sa reconnaissance de la fantomatique RASD, en exprimant son soutien \u00e0 une solution politique d\u00e9finitive au diff\u00e9rend r\u00e9gional sur le Sahara dans le cadre de la souverainet\u00e9 du Maroc et de son int\u00e9grit\u00e9 territoriale.<\/p>\n<p class=\"c4\">\u00ab\u00a0Le gouvernement de la R\u00e9publique du Suriname r\u00e9it\u00e8re sa d\u00e9cision prise le 9 mars 2016 et communiqu\u00e9e aux Nations Unies, en vertu de laquelle il a retir\u00e9 sa reconnaissance de la soi-disant RASD\u00a0\u00bb, selon un communiqu\u00e9 conjoint sign\u00e9 \u00e0 l\u2019occasion de la visite officielle au Suriname du ministre des Affaires \u00e9trang\u00e8res et de la Coop\u00e9ration internationale, Nasser Bourita.<\/p>\n<p class=\"c4\">Tout en r\u00e9it\u00e9rant sa \u00ab\u00a0position de principe en faveur des principes internationalement reconnus du dialogue et du r\u00e8glement pacifique des disputes\u00a0\u00bb, le Suriname a salu\u00e9 \u00ab\u00a0l\u2019engagement du gouvernement du Maroc en faveur d\u2019une solution politique d\u00e9finitive et mutuellement acceptable\u00a0\u00bb et a appel\u00e9 \u00ab\u00a0toutes les parties \u00e0 continuer sur la voie du dialogue pour parvenir \u00e0 une telle solution dans le cadre de la souverainet\u00e9 marocaine et l\u2019int\u00e9grit\u00e9 territoriale du Royaume\u00a0\u00bb, pr\u00e9cise le document publi\u00e9 \u00e0 l\u2019issue d\u2019entretiens entre M.Bourita et son homologue du Suriname Yldiz Pollack-Beighle.<\/p>\n<p class=\"c4\">Lors de ces entretiens, M. Bourita a inform\u00e9 Mme Pollack-Beighle des derniers d\u00e9veloppements concernant la question du Sahara et a r\u00e9it\u00e9r\u00e9 l\u2019engagement du Royaume \u00e0 \u0153uvrer de concert avec les Nations Unies en vue de parvenir \u00e0 une solution juste et d\u00e9finitive \u00e0 ce conflit r\u00e9gional.<br \/>Les entretiens ont \u00e9galement port\u00e9 sur nombre de questions d\u2019int\u00e9r\u00eat commun li\u00e9es au commerce, aux investissements, \u00e0 la connectivit\u00e9, aux \u00e9changes culturels, au tourisme et \u00e0 l\u2019\u00e9change des exp\u00e9riences.<\/p>\n<p class=\"c4\">M. Bourita a entam\u00e9 mercredi une visite au Suriname, o\u00f9 il a eu des entretiens avec plusieurs hauts responsables du pays carib\u00e9en.<\/p>\n<p>Auteur: rahal mehamed<br \/>\n<a href=\"http:\/\/albayane.press.ma\/le-suriname-salue-le-role-de-leader-africain-de-sm-le-roi-mohammed-vi.html\">Cliquez ici pour lire l&rsquo;article depuis sa source.<\/a><\/p>\n","protected":false},"excerpt":{"rendered":"<p>Le Suriname a salu\u00e9, mercredi, le r\u00f4le de SM le Roi Mohammed VI en tant que \u201cleader africain\u201d ainsi que l\u2019apport du Souverain \u00e0 la diplomatie r\u00e9gionale tant en Afrique que dans le monde. \u201cLe Gouvernement du Suriname salue le r\u00f4le jou\u00e9 par SM le Roi Mohammed VI en tant que leader africain, \u00e0 travers [&hellip;]<\/p>\n","protected":false},"author":1760,"featured_media":0,"comment_status":"closed","ping_status":"closed","sticky":false,"template":"","format":"standard","meta":{"fifu_image_url":"","fifu_image_alt":"","footnotes":""},"categories":[73,54],"tags":[],"class_list":["post-40534","post","type-post","status-publish","format-standard","hentry","category-actualite","category-maroc"],"_links":{"self":[{"href":"https:\/\/linitiative.ca\/International\/wp-json\/wp\/v2\/posts\/40534","targetHints":{"allow":["GET"]}}],"collection":[{"href":"https:\/\/linitiative.ca\/International\/wp-json\/wp\/v2\/posts"}],"about":[{"href":"https:\/\/linitiative.ca\/International\/wp-json\/wp\/v2\/types\/post"}],"author":[{"embeddable":true,"href":"https:\/\/linitiative.ca\/International\/wp-json\/wp\/v2\/users\/1760"}],"replies":[{"embeddable":true,"href":"https:\/\/linitiative.ca\/International\/wp-json\/wp\/v2\/comments?post=40534"}],"version-history":[{"count":0,"href":"https:\/\/linitiative.ca\/International\/wp-json\/wp\/v2\/posts\/40534\/revisions"}],"wp:attachment":[{"href":"https:\/\/linitiative.ca\/International\/wp-json\/wp\/v2\/media?parent=40534"}],"wp:term":[{"taxonomy":"category","embeddable":true,"href":"https:\/\/linitiative.ca\/International\/wp-json\/wp\/v2\/categories?post=40534"},{"taxonomy":"post_tag","embeddable":true,"href":"https:\/\/linitiative.ca\/International\/wp-json\/wp\/v2\/tags?post=40534"}],"curies":[{"name":"wp","href":"https:\/\/api.w.org\/{rel}","templated":true}]}}