{"id":40536,"date":"2019-06-14T06:46:58","date_gmt":"2019-06-14T10:46:58","guid":{"rendered":"https:\/\/linitiative.ca\/International\/ouyahia-ecroue-sellal-entendu-par-un-juge-dinstruction\/"},"modified":"2019-06-14T06:46:58","modified_gmt":"2019-06-14T10:46:58","slug":"ouyahia-ecroue-sellal-entendu-par-un-juge-dinstruction","status":"publish","type":"post","link":"https:\/\/linitiative.ca\/International\/ouyahia-ecroue-sellal-entendu-par-un-juge-dinstruction\/","title":{"rendered":"Ouyahia \u00e9crou\u00e9, Sellal entendu par un juge d\u2019instruction"},"content":{"rendered":"<p class=\"c4\"><strong><span class=\"c3\"><em><span class=\"c2\">L\u2019<\/span>ancien Premier ministre alg\u00e9rien Abdelmalek Sellal est entendu jeudi, dans le cadre d\u2019une enqu\u00eate pour corruption, par un juge d\u2019instruction de la Cour supr\u00eame, comp\u00e9tente pour instruire les faits commis par de hauts responsables dans leurs fonctions, rapportent les m\u00e9dias publics alg\u00e9riens.<\/em><\/span><\/strong><\/p>\n<p class=\"c4\">La radio nationale et plusieurs t\u00e9l\u00e9visions priv\u00e9es annoncent que Sellal a \u00e9t\u00e9 plac\u00e9 en d\u00e9tention provisoire, ce qui n\u2019a pas \u00e9t\u00e9 confirm\u00e9 dans l\u2019imm\u00e9diat par aucun des autres m\u00e9dias publics.<br \/>Par ailleurs, la radio et la t\u00e9l\u00e9vision nationales ont annonc\u00e9 l\u2019arrestation jeudi de Mourad Oulmi, PDG de l\u2019important groupe alg\u00e9rien SOVAC, distributeur en Alg\u00e9rie des v\u00e9hicules des marques du groupe Volkswagen (Volkswagen, Audi, Seat, Skoda et Porsche) et partenaire de l\u2019entreprise allemande dans une usine d\u2019assemblage automobile en Alg\u00e9rie.<br \/>A3 rapporte simplement dans l\u2019imm\u00e9diat, sur un bandeau d\u00e9filant, que Sellal est arriv\u00e9 \u00ab\u00a0\u00e0 la Cour supr\u00eame pour compara\u00eetre devant le juge d\u2019instruction\u00a0\u00bb, sans autres d\u00e9tails.<br \/>L\u2019agence officielle APS pr\u00e9cise qu\u2019il est entendu \u00ab\u00a0dans des affaires concernant la dilapidation des deniers publics, d\u2019abus de fonction et d\u2019octroi d\u2019indus privil\u00e8ges\u00a0\u00bb, comme l\u2019a \u00e9t\u00e9 la veille Ahmed Ouyahia, autre ancien Premier ministre, plac\u00e9 en d\u00e9tention provisoire \u00e0 l\u2019issue de son audition.<br \/>Face \u00e0 la contestation d\u00e9clench\u00e9e par la candidature annonc\u00e9e de Bouteflika \u00e0 un 5e mandat \u00e0 la pr\u00e9sidentielle du 18 avril 2019, il avait \u00e9t\u00e9 remerci\u00e9 de la direction de campagne, quelques jours avant que le chef de l\u2019Etat sortant soit contraint de renoncer \u00e0 briguer un nouveau mandat, puis de quitter ses fonctions.<br \/>Il avait \u00e9t\u00e9 remplac\u00e9 durant quelques jours par l\u2019ancien ministre des Travaux publics Abdelghani Zaalane, lui aussi interrog\u00e9 mercredi et qui \u00e9t\u00e9 rel\u00e2ch\u00e9 sous contr\u00f4le judiciaire.<br \/>Sellal figure, avec Ouyahia et Zaalane, parmi les 12 anciens ministres et pr\u00e9fets dont le Parquet d\u2019Alger a annonc\u00e9 avoir transmis les dossiers fin mai \u00e0 la Cour supr\u00eame, dans le cadre des enqu\u00eates visant Ali Haddad, ancien patron des patrons et PDG du n\u00b01 priv\u00e9 des travaux publics en Alg\u00e9rie, notamment pour des faits pr\u00e9sum\u00e9s de corruption.<br \/>Selon le Code de proc\u00e9dure p\u00e9nale alg\u00e9rien, les dossiers de ministres, walis (pr\u00e9fets) et de certains hauts magistrats, susceptibles d\u2019\u00eatre inculp\u00e9s d\u2019un crime ou d\u2019un d\u00e9lit commis dans l\u2019exercice de leurs fonctions, doivent \u00eatre transmis \u00e0 la Cour supr\u00eame, qui seule peut instruire leur cas.<br \/>Depuis la d\u00e9mission d\u2019Abdelaziz Bouteflika, la justice alg\u00e9rienne a lanc\u00e9 plusieurs enqu\u00eates et plac\u00e9 en d\u00e9tention provisoire de puissants hommes d\u2019affaires, la plupart soup\u00e7onn\u00e9s d\u2019avoir profit\u00e9 de leurs liens avec le chef de l\u2019Etat d\u00e9chu ou son entourage pour obtenir des avantages ou des march\u00e9s publics.<\/p>\n<p>Auteur: rahal mehamed<br \/>\n<a href=\"http:\/\/albayane.press.ma\/ouyahia-ecroue-sellal-entendu-par-un-juge-dinstruction.html\">Cliquez ici pour lire l&rsquo;article depuis sa source.<\/a><\/p>\n","protected":false},"excerpt":{"rendered":"<p>L\u2019ancien Premier ministre alg\u00e9rien Abdelmalek Sellal est entendu jeudi, dans le cadre d\u2019une enqu\u00eate pour corruption, par un juge d\u2019instruction de la Cour supr\u00eame, comp\u00e9tente pour instruire les faits commis par de hauts responsables dans leurs fonctions, rapportent les m\u00e9dias publics alg\u00e9riens. La radio nationale et plusieurs t\u00e9l\u00e9visions priv\u00e9es annoncent que Sellal a \u00e9t\u00e9 plac\u00e9 [&hellip;]<\/p>\n","protected":false},"author":1760,"featured_media":0,"comment_status":"closed","ping_status":"closed","sticky":false,"template":"","format":"standard","meta":{"fifu_image_url":"","fifu_image_alt":"","footnotes":""},"categories":[73,54],"tags":[],"class_list":["post-40536","post","type-post","status-publish","format-standard","hentry","category-actualite","category-maroc"],"_links":{"self":[{"href":"https:\/\/linitiative.ca\/International\/wp-json\/wp\/v2\/posts\/40536","targetHints":{"allow":["GET"]}}],"collection":[{"href":"https:\/\/linitiative.ca\/International\/wp-json\/wp\/v2\/posts"}],"about":[{"href":"https:\/\/linitiative.ca\/International\/wp-json\/wp\/v2\/types\/post"}],"author":[{"embeddable":true,"href":"https:\/\/linitiative.ca\/International\/wp-json\/wp\/v2\/users\/1760"}],"replies":[{"embeddable":true,"href":"https:\/\/linitiative.ca\/International\/wp-json\/wp\/v2\/comments?post=40536"}],"version-history":[{"count":0,"href":"https:\/\/linitiative.ca\/International\/wp-json\/wp\/v2\/posts\/40536\/revisions"}],"wp:attachment":[{"href":"https:\/\/linitiative.ca\/International\/wp-json\/wp\/v2\/media?parent=40536"}],"wp:term":[{"taxonomy":"category","embeddable":true,"href":"https:\/\/linitiative.ca\/International\/wp-json\/wp\/v2\/categories?post=40536"},{"taxonomy":"post_tag","embeddable":true,"href":"https:\/\/linitiative.ca\/International\/wp-json\/wp\/v2\/tags?post=40536"}],"curies":[{"name":"wp","href":"https:\/\/api.w.org\/{rel}","templated":true}]}}