{"id":40537,"date":"2019-06-14T06:55:21","date_gmt":"2019-06-14T10:55:21","guid":{"rendered":"https:\/\/linitiative.ca\/International\/le-plan-de-sante-2025-reflete-lengagement-du-maroc-pour-latteinte-des-odd\/"},"modified":"2019-06-14T06:55:21","modified_gmt":"2019-06-14T10:55:21","slug":"le-plan-de-sante-2025-reflete-lengagement-du-maroc-pour-latteinte-des-odd","status":"publish","type":"post","link":"https:\/\/linitiative.ca\/International\/le-plan-de-sante-2025-reflete-lengagement-du-maroc-pour-latteinte-des-odd\/","title":{"rendered":"Le Plan de Sant\u00e9 2025 refl\u00e8te l\u2019engagement du Maroc pour l\u2019atteinte des ODD"},"content":{"rendered":"<p class=\"c4\"><span class=\"c3\"><strong><span class=\"c2\">L\u2019<\/span>engagement du Maroc dans l\u2019atteinte des Objectifs de d\u00e9veloppement durable (ODD) est refl\u00e9t\u00e9 dans le Plan Sant\u00e9 2025 qui accorde une importance \u00ab\u00a0cruciale\u00a0\u00bb \u00e0 la g\u00e9n\u00e9ralisation de la Couverture sociale universelle (CSU), a indiqu\u00e9, mercredi \u00e0 Rabat, le ministre de la Sant\u00e9, Anas Doukkali.<\/strong><\/span><\/p>\n<p class=\"c4\">M. Doukkali, qui intervenait \u00e0 l\u2019ouverture de la 2e consultation nationale sur la mise en \u0153uvre et le suivi des ODD au Maroc, a relev\u00e9 que cet engagement se manifeste aussi dans l\u2019adh\u00e9sion du Royaume au Pacte Mondial sur la g\u00e9n\u00e9ralisation de la CSU \u00e0 l\u2019horizon 2030 en lien avec les ODD.<\/p>\n<p class=\"c4\">Il a, en outre, fait observer que la mise en place de l\u2019Assurance m\u00e9dicale obligatoire (OMD) en 2005 et la g\u00e9n\u00e9ralisation du Ramed en 2012 ont permis au Maroc d\u2019atteindre une couverture sanitaire de 62%, ajoutant que la mise en \u0153uvre en cours de la loi 98-15 relative \u00e0 l\u2019AMO des travailleurs non-salari\u00e9s, qui repr\u00e9sentent environ 33 pc de la population, constitue une \u00e9tape \u00ab\u00a0d\u00e9cisive\u00a0\u00bb pour la g\u00e9n\u00e9ralisation de la CSU.<br \/>La signature de la Charte sur la Pr\u00e9vention et le Contr\u00f4le des maladies non-transmissibles entre plusieurs partenaires publics et priv\u00e9s \u00ab\u00a0t\u00e9moigne aussi de la volont\u00e9 nationale en vue de l\u2019atteinte de la cible relative \u00e0 la r\u00e9duction de la mortalit\u00e9 due aux maladies non-transmissibles et \u00e0 la promotion de la sant\u00e9 mentale\u00a0\u00bb, a-t-il poursuivi.<\/p>\n<p class=\"c4\">Le ministre a, par ailleurs, relev\u00e9 que le succ\u00e8s des ODD, en particulier ceux li\u00e9s \u00e0 la sant\u00e9, est tributaire de l\u2019action collective des diff\u00e9rents intervenants, notant que le Maroc adh\u00e8re au Plan d\u2019action global initi\u00e9 conjointement par plusieurs organisations internationales actives dans le domaine de la sant\u00e9, afin de convenir ensemble de la meilleure approche pour atteindre les progr\u00e8s pr\u00e9vus dans le cadre des ODD.<\/p>\n<p class=\"c4\">Dans une perspective \u00e9largie de la sant\u00e9 comme objectif de d\u00e9veloppement, M. Doukkali a affirm\u00e9 qu\u2019il est opportun de consolider davantage la compl\u00e9mentarit\u00e9 entre les diff\u00e9rents acteurs, de renforcer le plaidoyer autour d\u2019une d\u00e9marche inclusive pour ne laisser personne pour compte et accro\u00eetre ainsi les chances de l\u2019atteinte des ODD.<\/p>\n<p class=\"c4\">Organis\u00e9e conjointement par le minist\u00e8re des Affaires \u00e9trang\u00e8res et de la Coop\u00e9ration internationale, le Haut-Commissariat au Plan et le Syst\u00e8me des Nations Unies au Maroc, cette 2\u00e8 consultation nationale est consacr\u00e9e \u00e0 l\u2019examen de l\u2019\u00e9tat de mise en \u0153uvre des ODD par le Maroc, et du niveau de r\u00e9alisation de ses engagements internationaux dans ce cadre.<\/p>\n<p class=\"c4\">Elle se poursuivra les 13 et 14 \u00e0 Sal\u00e9 et sera sanctionn\u00e9e par des recommandations ax\u00e9es notamment sur les moyens de promouvoir les ODD et de suivre leur mise en oeuvre.<\/p>\n<p class=\"c5\"><span class=\"c3\">*<\/span><span class=\"c2\">*<\/span><span class=\"c3\">*<\/span><\/p>\n<p class=\"c5\"><span class=\"c2\"><strong>Contr\u00f4le et la pr\u00e9vention des maladies<\/strong><\/span><\/p>\n<p class=\"c5\"><span class=\"c2\"><strong>Le Maroc souhaite afdh\u00e9rer au C.A. du centre africain<\/strong><\/span><\/p>\n<p class=\"c4\"><strong>Le ministre de la Sant\u00e9, Anas Doukkali a r\u00e9it\u00e9r\u00e9 le souhait de son d\u00e9partement d\u2019adh\u00e9rer au Conseil d\u2019administration du Centre africain pour le contr\u00f4le et la pr\u00e9vention des maladies, en tant que membre repr\u00e9sentant de la r\u00e9gion de l\u2019Afrique du Nord et ce, pour un mandat de 3 ans.<\/strong><\/p>\n<p class=\"c4\"><strong>Cit\u00e9 par un communiqu\u00e9 du minist\u00e8re de la Sant\u00e9, M. Doukkali a mis en avant lors d\u2019une entrevue, mardi \u00e0 Rabat, avec le directeur du centre africain, John Nkengasong, les avanc\u00e9es r\u00e9alis\u00e9es par le Maroc dans le domaine de la sant\u00e9, affirmant que cette visite de travail vient concr\u00e9tiser la volont\u00e9 partag\u00e9e de renforcer davantage le partenariat avec le Centre, particuli\u00e8rement depuis le retour du Royaume du Maroc \u00e0 l\u2019Union Africaine.<\/strong><\/p>\n<p class=\"c4\"><strong>Le renforcement de ce partenariat peut se concr\u00e9tiser \u00e0 travers l\u2019initiation d\u2019un programme de formation en \u00e9pid\u00e9miologie de sant\u00e9 publique (Master) en faveur des \u00e9tudiants africains. francophones, qui pourront \u00e9galement b\u00e9n\u00e9ficier des stages dans les instituts de recherche du minist\u00e8re de la Sant\u00e9, a sugg\u00e9r\u00e9 le ministre.<\/strong><\/p>\n<p class=\"c4\"><strong>Il a \u00e9galement not\u00e9 la possibilit\u00e9 de mettre en place un r\u00e9seau r\u00e9gional des laboratoires de l\u2019Afrique du Nord pour la surveillance de la r\u00e9sistance aux antimicrobiens et d\u2019identifier de nouveaux projets de partenariat avec le Centre, notamment pour la cr\u00e9ation de l\u2019Agence marocaine de sant\u00e9 publique.<\/strong><\/p>\n<p class=\"c4\"><strong>De son c\u00f4t\u00e9, le directeur du Centre africain DC s\u2019est dit tr\u00e8s optimiste quant au renforcement de cette collaboration, notamment en mati\u00e8re de fabrication de m\u00e9dicaments et de vaccins et de partenariat avec le secteur priv\u00e9.<\/strong><\/p>\n<p class=\"c4\"><strong>Au terme des discussions, les deux parties se sont f\u00e9licit\u00e9es de la signature lors de cette mission de deux lettres d\u2019entente entre le Centre et l\u2019\u00c9cole nationale de sant\u00e9 publique d\u2019une part, et avec l\u2019Institut Pasteur du Maroc, d\u2019autre part, souligne le communiqu\u00e9.<\/strong><\/p>\n<p>Auteur: rahal mehamed<br \/>\n<a href=\"http:\/\/albayane.press.ma\/le-plan-de-sante-2025-reflete-lengagement-du-maroc-pour-latteinte-des-odd.html\">Cliquez ici pour lire l&rsquo;article depuis sa source.<\/a><\/p>\n","protected":false},"excerpt":{"rendered":"<p>L\u2019engagement du Maroc dans l\u2019atteinte des Objectifs de d\u00e9veloppement durable (ODD) est refl\u00e9t\u00e9 dans le Plan Sant\u00e9 2025 qui accorde une importance \u00ab\u00a0cruciale\u00a0\u00bb \u00e0 la g\u00e9n\u00e9ralisation de la Couverture sociale universelle (CSU), a indiqu\u00e9, mercredi \u00e0 Rabat, le ministre de la Sant\u00e9, Anas Doukkali. M. Doukkali, qui intervenait \u00e0 l\u2019ouverture de la 2e consultation nationale [&hellip;]<\/p>\n","protected":false},"author":1760,"featured_media":0,"comment_status":"closed","ping_status":"closed","sticky":false,"template":"","format":"standard","meta":{"fifu_image_url":"","fifu_image_alt":"","footnotes":""},"categories":[73,54],"tags":[],"class_list":["post-40537","post","type-post","status-publish","format-standard","hentry","category-actualite","category-maroc"],"_links":{"self":[{"href":"https:\/\/linitiative.ca\/International\/wp-json\/wp\/v2\/posts\/40537","targetHints":{"allow":["GET"]}}],"collection":[{"href":"https:\/\/linitiative.ca\/International\/wp-json\/wp\/v2\/posts"}],"about":[{"href":"https:\/\/linitiative.ca\/International\/wp-json\/wp\/v2\/types\/post"}],"author":[{"embeddable":true,"href":"https:\/\/linitiative.ca\/International\/wp-json\/wp\/v2\/users\/1760"}],"replies":[{"embeddable":true,"href":"https:\/\/linitiative.ca\/International\/wp-json\/wp\/v2\/comments?post=40537"}],"version-history":[{"count":0,"href":"https:\/\/linitiative.ca\/International\/wp-json\/wp\/v2\/posts\/40537\/revisions"}],"wp:attachment":[{"href":"https:\/\/linitiative.ca\/International\/wp-json\/wp\/v2\/media?parent=40537"}],"wp:term":[{"taxonomy":"category","embeddable":true,"href":"https:\/\/linitiative.ca\/International\/wp-json\/wp\/v2\/categories?post=40537"},{"taxonomy":"post_tag","embeddable":true,"href":"https:\/\/linitiative.ca\/International\/wp-json\/wp\/v2\/tags?post=40537"}],"curies":[{"name":"wp","href":"https:\/\/api.w.org\/{rel}","templated":true}]}}