{"id":40543,"date":"2019-06-14T08:43:13","date_gmt":"2019-06-14T12:43:13","guid":{"rendered":"https:\/\/linitiative.ca\/International\/situation-alarmante-en-libye-la-tunisie-inquiete-appelle-a-larret-des-hostilites\/"},"modified":"2019-06-14T08:43:13","modified_gmt":"2019-06-14T12:43:13","slug":"situation-alarmante-en-libye-la-tunisie-inquiete-appelle-a-larret-des-hostilites","status":"publish","type":"post","link":"https:\/\/linitiative.ca\/International\/situation-alarmante-en-libye-la-tunisie-inquiete-appelle-a-larret-des-hostilites\/","title":{"rendered":"Situation alarmante en Libye\u00a0: La Tunisie inqui\u00e8te appelle \u00e0 l\u2019arr\u00eat des hostilit\u00e9s"},"content":{"rendered":"<p>Le pr\u00e9sident de la r\u00e9publique B\u00e9ji Ca\u00efd Essebsi s\u2019est entretenu, hier, au Palais de Carthage,<br \/>avec le ministre des Affaires \u00e9trang\u00e8res tunisien Kh\u00e9maies Jhinaoui, alg\u00e9rien Sabri<br \/>Boukadoum et \u00e9gyptien Sameh Choukri.<br \/>L\u2019entretien s\u2019inscrit dans le cadre du suivi des r\u00e9sultats de la r\u00e9union minist\u00e9rielle consacr\u00e9e \u00e0<br \/>l\u2019initiative tripartite pour une solution politique globale en Libye, tenue mercredi \u00e0 Tunis.<br \/>B\u00e9ji Ca\u00efd Essebsi a exprim\u00e9, \u00e0 cette occasion, la profonde pr\u00e9occupation de la Tunisie par la<br \/>situation dans ce pays fr\u00e8re, soulignant l\u2019imp\u00e9ratif d\u2019un arr\u00eat imm\u00e9diat des hostilit\u00e9s et d\u2019un<br \/>retour \u00e0 la table des n\u00e9gociations.<br \/>Le pr\u00e9sident de la R\u00e9publique a appel\u00e9, \u00e9galement, \u00e0 placer l\u2019int\u00e9r\u00eat de la Libye au-dessus de<br \/>toute autre consid\u00e9ration. Il est de l\u2019int\u00e9r\u00eat de la Tunisie et de la r\u00e9gion de voir la Libye<br \/>recouvrer sa s\u00e9curit\u00e9 et sa stabilit\u00e9 et pr\u00e9server son unit\u00e9 et son int\u00e9grit\u00e9 territoriale, a-t-il dit.<br \/>Pour sa part, le ministre \u00e9gyptien des Affaires \u00e9trang\u00e8res a mis l\u2019accent sur l\u2019importance du<br \/>r\u00f4le central des pays du voisinage dans l\u2019intensification des contacts avec les parties<br \/>libyennes.<br \/>Il s\u2019agit de jeter les bases d\u2019une solution politique libyenne selon la d\u00e9claration, rendue<br \/>publique mercredi 12 juin au terme de la r\u00e9union la r\u00e9union minist\u00e9rielle de l\u2019initiative<br \/>tripartite pour l\u2019appui d\u2019une solution politique et dans la perspective de r\u00e9aliser la stabilit\u00e9 de<br \/>la Libye et de pr\u00e9server son unit\u00e9.<\/p>\n<p class=\"dpsp-share-text\">Partager c&rsquo;est aimer!<\/p>\n<div class=\"wp-post-author-wrap wp-post-author-shortcode left\">\n<h3 class=\"awpa-title\"\/>\n<div class=\"wp-post-author\">\n<div class=\"awpa-img awpa-author-block square\"><a href=\"http:\/\/lexpertjournal.net\/fr\/author\/expert\/\"><img loading=\"lazy\" decoding=\"async\" alt=\"\" src=\"http:\/\/2.gravatar.com\/avatar\/56d99be2a6f97af88ccb49fada637fcd?s=150&#038;d=mm&#038;r=g\" srcset=\"http:\/\/2.gravatar.com\/avatar\/56d99be2a6f97af88ccb49fada637fcd?s=300&#038;d=mm&#038;r=g 2x\" class=\"avatar avatar-150 photo\" height=\"150\" width=\"150\"\/><\/a><\/div>\n<\/div>\n<\/div>\n<p>Auteur: L&rsquo;expert<br \/>\n<a href=\"http:\/\/lexpertjournal.net\/fr\/2019\/06\/14\/situation-alarmante-en-libye-la-tunisie-inquiete-appelle-a-larret-des-hostilites\/\">Cliquez ici pour lire l&rsquo;article depuis sa source.<\/a><\/p>\n","protected":false},"excerpt":{"rendered":"<p>Le pr\u00e9sident de la r\u00e9publique B\u00e9ji Ca\u00efd Essebsi s\u2019est entretenu, hier, au Palais de Carthage,avec le ministre des Affaires \u00e9trang\u00e8res tunisien Kh\u00e9maies Jhinaoui, alg\u00e9rien SabriBoukadoum et \u00e9gyptien Sameh Choukri.L\u2019entretien s\u2019inscrit dans le cadre du suivi des r\u00e9sultats de la r\u00e9union minist\u00e9rielle consacr\u00e9e \u00e0l\u2019initiative tripartite pour une solution politique globale en Libye, tenue mercredi \u00e0 Tunis.B\u00e9ji [&hellip;]<\/p>\n","protected":false},"author":1775,"featured_media":0,"comment_status":"closed","ping_status":"closed","sticky":false,"template":"","format":"standard","meta":{"fifu_image_url":"","fifu_image_alt":"","footnotes":""},"categories":[78,55],"tags":[],"class_list":["post-40543","post","type-post","status-publish","format-standard","hentry","category-economie","category-tunisie"],"_links":{"self":[{"href":"https:\/\/linitiative.ca\/International\/wp-json\/wp\/v2\/posts\/40543","targetHints":{"allow":["GET"]}}],"collection":[{"href":"https:\/\/linitiative.ca\/International\/wp-json\/wp\/v2\/posts"}],"about":[{"href":"https:\/\/linitiative.ca\/International\/wp-json\/wp\/v2\/types\/post"}],"author":[{"embeddable":true,"href":"https:\/\/linitiative.ca\/International\/wp-json\/wp\/v2\/users\/1775"}],"replies":[{"embeddable":true,"href":"https:\/\/linitiative.ca\/International\/wp-json\/wp\/v2\/comments?post=40543"}],"version-history":[{"count":0,"href":"https:\/\/linitiative.ca\/International\/wp-json\/wp\/v2\/posts\/40543\/revisions"}],"wp:attachment":[{"href":"https:\/\/linitiative.ca\/International\/wp-json\/wp\/v2\/media?parent=40543"}],"wp:term":[{"taxonomy":"category","embeddable":true,"href":"https:\/\/linitiative.ca\/International\/wp-json\/wp\/v2\/categories?post=40543"},{"taxonomy":"post_tag","embeddable":true,"href":"https:\/\/linitiative.ca\/International\/wp-json\/wp\/v2\/tags?post=40543"}],"curies":[{"name":"wp","href":"https:\/\/api.w.org\/{rel}","templated":true}]}}