{"id":40545,"date":"2019-06-14T08:50:12","date_gmt":"2019-06-14T12:50:12","guid":{"rendered":"https:\/\/linitiative.ca\/International\/exposition-collective-au-palais-kheireddine-21-pour-lunion-des-peuples-des-traditions-et-des-cultures\/"},"modified":"2019-06-14T08:50:12","modified_gmt":"2019-06-14T12:50:12","slug":"exposition-collective-au-palais-kheireddine-21-pour-lunion-des-peuples-des-traditions-et-des-cultures","status":"publish","type":"post","link":"https:\/\/linitiative.ca\/International\/exposition-collective-au-palais-kheireddine-21-pour-lunion-des-peuples-des-traditions-et-des-cultures\/","title":{"rendered":"Exposition collective au palais Kheireddine\u00a0:   2+1  pour l\u2019union des peuples, des traditions et des cultures"},"content":{"rendered":"<p>TUNIS,13 juin (TAP)-Le mus\u00e9e de la ville de Tunis le plais Kheireddine (m\u00e9dina de Tunis)<br \/>accueille du 14 au 29 juin une exposition collective \u00bb Deux+1\u2032 de trois artistes plasticiens de<br \/>renomm\u00e9e mondiale : Farrukh Negmatzade (Tadzhikistan), Irina Smitchkova (Russie) et Abu<br \/>Jalal Sarimon (Singapore).<br \/>Quarante \u0153uvres seront expos\u00e9es. Ces artistes n\u2019aiment pas les fronti\u00e8res. Ils unissent les<br \/>peuples, les traditions et les cultures dans un seul langage artistique qui exprime et transforme<br \/>l\u2019amour en beaut\u00e9, lit-on dans une note de pr\u00e9sentation.<br \/>Les multiples entrelacs, disciplines, langages esth\u00e9tiques, filiations et origines donnent \u00e0 leurs<br \/>\u0153uvres une vocation particuli\u00e8re \u00e0 tracer un chemin pictural et philosophique qui nous m\u00e8ne<br \/>d\u2019une g\u00e9ographie myst\u00e9rieuse entre notre monde et un autre, plus harmonieux et soignant, \u00e0<br \/>une profonde r\u00e9flexion sur nos modes de pens\u00e9e, hors d\u2019une quelconque h\u00e9g\u00e9monie artistique.<br \/>\u00ab L\u2019esth\u00e9tique de la beaut\u00e9 met en cause un dialogue universel sur ce qui relie toutes les<br \/>cultures du monde \u00bb.<\/p>\n<p class=\"dpsp-share-text\">Partager c&rsquo;est aimer!<\/p>\n<div class=\"wp-post-author-wrap wp-post-author-shortcode left\">\n<h3 class=\"awpa-title\"\/>\n<div class=\"wp-post-author\">\n<div class=\"awpa-img awpa-author-block square\"><a href=\"http:\/\/lexpertjournal.net\/fr\/author\/expert\/\"><img loading=\"lazy\" decoding=\"async\" alt=\"\" src=\"http:\/\/2.gravatar.com\/avatar\/56d99be2a6f97af88ccb49fada637fcd?s=150&#038;d=mm&#038;r=g\" srcset=\"http:\/\/2.gravatar.com\/avatar\/56d99be2a6f97af88ccb49fada637fcd?s=300&#038;d=mm&#038;r=g 2x\" class=\"avatar avatar-150 photo\" height=\"150\" width=\"150\"\/><\/a><\/div>\n<\/div>\n<\/div>\n<p>Auteur: L&rsquo;expert<br \/>\n<a href=\"http:\/\/lexpertjournal.net\/fr\/2019\/06\/14\/exposition-collective-au-palais-kheireddine-21-pour-lunion-des-peuples-des-traditions-et-des-cultures\/\">Cliquez ici pour lire l&rsquo;article depuis sa source.<\/a><\/p>\n","protected":false},"excerpt":{"rendered":"<p>TUNIS,13 juin (TAP)-Le mus\u00e9e de la ville de Tunis le plais Kheireddine (m\u00e9dina de Tunis)accueille du 14 au 29 juin une exposition collective \u00bb Deux+1\u2032 de trois artistes plasticiens derenomm\u00e9e mondiale : Farrukh Negmatzade (Tadzhikistan), Irina Smitchkova (Russie) et AbuJalal Sarimon (Singapore).Quarante \u0153uvres seront expos\u00e9es. Ces artistes n\u2019aiment pas les fronti\u00e8res. Ils unissent lespeuples, les [&hellip;]<\/p>\n","protected":false},"author":1775,"featured_media":0,"comment_status":"closed","ping_status":"closed","sticky":false,"template":"","format":"standard","meta":{"fifu_image_url":"","fifu_image_alt":"","footnotes":""},"categories":[78,55],"tags":[],"class_list":["post-40545","post","type-post","status-publish","format-standard","hentry","category-economie","category-tunisie"],"_links":{"self":[{"href":"https:\/\/linitiative.ca\/International\/wp-json\/wp\/v2\/posts\/40545","targetHints":{"allow":["GET"]}}],"collection":[{"href":"https:\/\/linitiative.ca\/International\/wp-json\/wp\/v2\/posts"}],"about":[{"href":"https:\/\/linitiative.ca\/International\/wp-json\/wp\/v2\/types\/post"}],"author":[{"embeddable":true,"href":"https:\/\/linitiative.ca\/International\/wp-json\/wp\/v2\/users\/1775"}],"replies":[{"embeddable":true,"href":"https:\/\/linitiative.ca\/International\/wp-json\/wp\/v2\/comments?post=40545"}],"version-history":[{"count":0,"href":"https:\/\/linitiative.ca\/International\/wp-json\/wp\/v2\/posts\/40545\/revisions"}],"wp:attachment":[{"href":"https:\/\/linitiative.ca\/International\/wp-json\/wp\/v2\/media?parent=40545"}],"wp:term":[{"taxonomy":"category","embeddable":true,"href":"https:\/\/linitiative.ca\/International\/wp-json\/wp\/v2\/categories?post=40545"},{"taxonomy":"post_tag","embeddable":true,"href":"https:\/\/linitiative.ca\/International\/wp-json\/wp\/v2\/tags?post=40545"}],"curies":[{"name":"wp","href":"https:\/\/api.w.org\/{rel}","templated":true}]}}