{"id":40546,"date":"2019-06-14T08:53:30","date_gmt":"2019-06-14T12:53:30","guid":{"rendered":"https:\/\/linitiative.ca\/International\/developpements-au-sein-de-la-caf-le-president-de-la-fifa-fait-part-de-son-inquietude\/"},"modified":"2019-06-14T08:53:30","modified_gmt":"2019-06-14T12:53:30","slug":"developpements-au-sein-de-la-caf-le-president-de-la-fifa-fait-part-de-son-inquietude","status":"publish","type":"post","link":"https:\/\/linitiative.ca\/International\/developpements-au-sein-de-la-caf-le-president-de-la-fifa-fait-part-de-son-inquietude\/","title":{"rendered":"D\u00e9veloppements au sein de la CAF\u00a0: Le pr\u00e9sident de la FIFA fait part de son inqui\u00e9tude"},"content":{"rendered":"<p>Les d\u00e9veloppements au sein de la Conf\u00e9d\u00e9ration africaine de football (CAF) ne sont pas pour<br \/>plaire au pr\u00e9sident de la FIFA, Gianni Infantino qui a fait part de ses craintes et de son<br \/>inqui\u00e9tude, surtout que le pr\u00e9sident de l\u2019instance africaine est l\u2019un de ses prot\u00e9g\u00e9s. Mais, il ne<br \/>peut pas courir le risque de continuer \u00e0 le faire.<br \/>\u00ab La situation actuelle m\u2019inqui\u00e8te et inqui\u00e8te la FIFA \u00bb, a d\u00e9clar\u00e9 hier le pr\u00e9sident de la FIFA,<br \/>au journal l\u2019Equipe, s\u2019agissant des difficult\u00e9s et des profondes divergences internes v\u00e9cues<br \/>actuellement au sein de la CAF.<\/p>\n<p>Lors d\u2019une interview audit journal, l\u2019Italo-Suisse qui a \u00e9t\u00e9 r\u00e9\u00e9lu pour un deuxi\u00e8me mandat le 5<br \/>juin, lors du congr\u00e8s de l\u2019instance \u00e0 Paris, s\u2019est dit inquiet pour l\u2019instance du football africain<br \/>qui, a-t-il dit \u00ab traverse des heures difficiles \u00bb.<br \/>Et pour cause, \u00e0 quelques jours de l\u2019ouverture de la CAN 2019 en Egypte, le pr\u00e9sident de la<br \/>CAF Ahmed Ahmed se fait interpel\u00e9 \u00e0 Paris par rapport \u00e0 la signature d\u2019un contrat avec la<br \/>soci\u00e9t\u00e9 Technical Steel en pr\u00e9lude du CHAN 2018. A cela s\u2019ajoute la d\u00e9cision de refaire jouer<br \/>la finale de la Ligue d\u2019Afrique des champions.<br \/>Pour Infantino, il faut \u00ab d\u2019abord respecter la pr\u00e9somption d\u2019innocence du pr\u00e9sident Ahmed.<br \/>Ensuite, c\u2019est clair qu\u2019il y a des probl\u00e8mes dans le football africain et plusieurs f\u00e9d\u00e9rations<br \/>africaines nous demandent de faire quelque chose \u00bb.<br \/>\u00ab Si la commission d\u2019\u00e9thique a quelque soup\u00e7on que ce soit sur le pr\u00e9sident ou quelqu\u2019un<br \/>d\u2019autre, elle prendra des mesures. On ne va pas se cacher, on va assumer et prendre nos<br \/>responsabilit\u00e9s. La FIFA veut contribuer \u00e0 ce que l\u2019Afrique sorte de cette situation. Mais je ne<br \/>veux pas me cacher derri\u00e8re l\u2019argument, c\u2019est la CAF, c\u2019est l\u2019Afrique, cela ne concerne pas la<br \/>FIFA. Non, \u00e7a nous concerne \u00bb, a-t-il ajout\u00e9.<\/p>\n<p class=\"dpsp-share-text\">Partager c&rsquo;est aimer!<\/p>\n<div class=\"wp-post-author-wrap wp-post-author-shortcode left\">\n<h3 class=\"awpa-title\"\/>\n<div class=\"wp-post-author\">\n<div class=\"awpa-img awpa-author-block square\"><a href=\"http:\/\/lexpertjournal.net\/fr\/author\/expert\/\"><img loading=\"lazy\" decoding=\"async\" alt=\"\" src=\"http:\/\/2.gravatar.com\/avatar\/56d99be2a6f97af88ccb49fada637fcd?s=150&#038;d=mm&#038;r=g\" srcset=\"http:\/\/2.gravatar.com\/avatar\/56d99be2a6f97af88ccb49fada637fcd?s=300&#038;d=mm&#038;r=g 2x\" class=\"avatar avatar-150 photo\" height=\"150\" width=\"150\"\/><\/a><\/div>\n<\/div>\n<\/div>\n<p>Auteur: L&rsquo;expert<br \/>\n<a href=\"http:\/\/lexpertjournal.net\/fr\/2019\/06\/14\/developpements-au-sein-de-la-caf-le-president-de-la-fifa-fait-part-de-son-inquietude\/\">Cliquez ici pour lire l&rsquo;article depuis sa source.<\/a><\/p>\n","protected":false},"excerpt":{"rendered":"<p>Les d\u00e9veloppements au sein de la Conf\u00e9d\u00e9ration africaine de football (CAF) ne sont pas pourplaire au pr\u00e9sident de la FIFA, Gianni Infantino qui a fait part de ses craintes et de soninqui\u00e9tude, surtout que le pr\u00e9sident de l\u2019instance africaine est l\u2019un de ses prot\u00e9g\u00e9s. Mais, il nepeut pas courir le risque de continuer \u00e0 le [&hellip;]<\/p>\n","protected":false},"author":1775,"featured_media":0,"comment_status":"closed","ping_status":"closed","sticky":false,"template":"","format":"standard","meta":{"fifu_image_url":"","fifu_image_alt":"","footnotes":""},"categories":[78,55],"tags":[],"class_list":["post-40546","post","type-post","status-publish","format-standard","hentry","category-economie","category-tunisie"],"_links":{"self":[{"href":"https:\/\/linitiative.ca\/International\/wp-json\/wp\/v2\/posts\/40546","targetHints":{"allow":["GET"]}}],"collection":[{"href":"https:\/\/linitiative.ca\/International\/wp-json\/wp\/v2\/posts"}],"about":[{"href":"https:\/\/linitiative.ca\/International\/wp-json\/wp\/v2\/types\/post"}],"author":[{"embeddable":true,"href":"https:\/\/linitiative.ca\/International\/wp-json\/wp\/v2\/users\/1775"}],"replies":[{"embeddable":true,"href":"https:\/\/linitiative.ca\/International\/wp-json\/wp\/v2\/comments?post=40546"}],"version-history":[{"count":0,"href":"https:\/\/linitiative.ca\/International\/wp-json\/wp\/v2\/posts\/40546\/revisions"}],"wp:attachment":[{"href":"https:\/\/linitiative.ca\/International\/wp-json\/wp\/v2\/media?parent=40546"}],"wp:term":[{"taxonomy":"category","embeddable":true,"href":"https:\/\/linitiative.ca\/International\/wp-json\/wp\/v2\/categories?post=40546"},{"taxonomy":"post_tag","embeddable":true,"href":"https:\/\/linitiative.ca\/International\/wp-json\/wp\/v2\/tags?post=40546"}],"curies":[{"name":"wp","href":"https:\/\/api.w.org\/{rel}","templated":true}]}}