{"id":40547,"date":"2019-06-14T08:55:55","date_gmt":"2019-06-14T12:55:55","guid":{"rendered":"https:\/\/linitiative.ca\/International\/amendement-de-la-loi-electorale-ennahdha-soutient-la-proposition-du-gouvernement\/"},"modified":"2019-06-14T08:55:55","modified_gmt":"2019-06-14T12:55:55","slug":"amendement-de-la-loi-electorale-ennahdha-soutient-la-proposition-du-gouvernement","status":"publish","type":"post","link":"https:\/\/linitiative.ca\/International\/amendement-de-la-loi-electorale-ennahdha-soutient-la-proposition-du-gouvernement\/","title":{"rendered":"Amendement de la loi \u00e9lectorale: Ennahdha soutient la proposition du gouvernement"},"content":{"rendered":"<p>Le pr\u00e9sident du mouvement Ennahdha Rached Ghannouchi a d\u00e9clar\u00e9 jeudi que l\u2019approbation<br \/>par son parti de la proposition du gouvernement sur l\u2019amendement du projet de loi \u00e9lectorale<br \/>s\u2019inscrit dans le souci de prot\u00e9ger la d\u00e9mocratie contre toute tentative de manipulation par des<br \/>associations, des institutions m\u00e9diatiques ou autres.<br \/>Dans une d\u00e9claration de presse, \u00e0 l\u2019issue de la r\u00e9union du groupe parlementaire d\u2019Ennahdha, il<br \/>a indiqu\u00e9 que le projet de loi en question vient mettre en \u00e9vidence le besoin de tenir les<br \/>\u00e9lections dans les d\u00e9lais impartis. Selon lui, le report des \u00e9ch\u00e9ances \u00e9lectorales constitue une<br \/>atteinte \u00e0 la d\u00e9mocratie et \u00e0 l\u2019esprit de la Constitution.<br \/>Ghannouchi a fait observer que le projet de loi qui vise \u00e0 pr\u00e9munir le processus d\u00e9mocratique<br \/>de toute forme de manipulation, comporte des ajouts relatifs au discours politique,<br \/>notamment, en p\u00e9riode de campagne \u00e9lectorale.<br \/>Pour le pr\u00e9sident d\u2019Ennahdha, les soci\u00e9t\u00e9s modernes y compris la Tunisie se distinguent par la<br \/>s\u00e9paration entre les domaines politiques et soci\u00e9tales \u00e0 l\u2019instar des \u0153uvres caritatives, des<br \/>sportives et culturelles. Il a insist\u00e9 sur la n\u00e9cessit\u00e9 d\u2019\u00e9viter d\u2019instrumentaliser un domaine au<br \/>service d\u2019un autre.<br \/>Cette proposition d\u2019amendement, pr\u00e9sent\u00e9e par le gouvernement en mai dernier a \u00e9t\u00e9 soutenu<br \/>par le groupe de la Coalition nationale.<br \/>Il est pr\u00e9vu que le parlement entame l\u2019adoption du projet de loi organique n\u00b063\/2018<br \/>compl\u00e9tant et amendant la Loi organique n\u00b0 2014-16 du 26 mai 2014, relative aux \u00e9lections et<br \/>r\u00e9f\u00e9rendums.<br \/>L\u2019adoption de ce projet a \u00e9t\u00e9 \u00e0 plusieurs reprises report\u00e9e faute d\u2019accord entre les d\u00e9put\u00e9s.<\/p>\n<p class=\"dpsp-share-text\">Partager c&rsquo;est aimer!<\/p>\n<div class=\"wp-post-author-wrap wp-post-author-shortcode left\">\n<h3 class=\"awpa-title\"\/>\n<div class=\"wp-post-author\">\n<div class=\"awpa-img awpa-author-block square\"><a href=\"http:\/\/lexpertjournal.net\/fr\/author\/expert\/\"><img loading=\"lazy\" decoding=\"async\" alt=\"\" src=\"http:\/\/2.gravatar.com\/avatar\/56d99be2a6f97af88ccb49fada637fcd?s=150&#038;d=mm&#038;r=g\" srcset=\"http:\/\/2.gravatar.com\/avatar\/56d99be2a6f97af88ccb49fada637fcd?s=300&#038;d=mm&#038;r=g 2x\" class=\"avatar avatar-150 photo\" height=\"150\" width=\"150\"\/><\/a><\/div>\n<\/div>\n<\/div>\n<p>Auteur: L&rsquo;expert<br \/>\n<a href=\"http:\/\/lexpertjournal.net\/fr\/2019\/06\/14\/amendement-de-la-loi-electorale-ennahdha-soutient-la-proposition-du-gouvernement\/\">Cliquez ici pour lire l&rsquo;article depuis sa source.<\/a><\/p>\n","protected":false},"excerpt":{"rendered":"<p>Le pr\u00e9sident du mouvement Ennahdha Rached Ghannouchi a d\u00e9clar\u00e9 jeudi que l\u2019approbationpar son parti de la proposition du gouvernement sur l\u2019amendement du projet de loi \u00e9lectorales\u2019inscrit dans le souci de prot\u00e9ger la d\u00e9mocratie contre toute tentative de manipulation par desassociations, des institutions m\u00e9diatiques ou autres.Dans une d\u00e9claration de presse, \u00e0 l\u2019issue de la r\u00e9union du [&hellip;]<\/p>\n","protected":false},"author":1775,"featured_media":0,"comment_status":"closed","ping_status":"closed","sticky":false,"template":"","format":"standard","meta":{"fifu_image_url":"","fifu_image_alt":"","footnotes":""},"categories":[78,55],"tags":[],"class_list":["post-40547","post","type-post","status-publish","format-standard","hentry","category-economie","category-tunisie"],"_links":{"self":[{"href":"https:\/\/linitiative.ca\/International\/wp-json\/wp\/v2\/posts\/40547","targetHints":{"allow":["GET"]}}],"collection":[{"href":"https:\/\/linitiative.ca\/International\/wp-json\/wp\/v2\/posts"}],"about":[{"href":"https:\/\/linitiative.ca\/International\/wp-json\/wp\/v2\/types\/post"}],"author":[{"embeddable":true,"href":"https:\/\/linitiative.ca\/International\/wp-json\/wp\/v2\/users\/1775"}],"replies":[{"embeddable":true,"href":"https:\/\/linitiative.ca\/International\/wp-json\/wp\/v2\/comments?post=40547"}],"version-history":[{"count":0,"href":"https:\/\/linitiative.ca\/International\/wp-json\/wp\/v2\/posts\/40547\/revisions"}],"wp:attachment":[{"href":"https:\/\/linitiative.ca\/International\/wp-json\/wp\/v2\/media?parent=40547"}],"wp:term":[{"taxonomy":"category","embeddable":true,"href":"https:\/\/linitiative.ca\/International\/wp-json\/wp\/v2\/categories?post=40547"},{"taxonomy":"post_tag","embeddable":true,"href":"https:\/\/linitiative.ca\/International\/wp-json\/wp\/v2\/tags?post=40547"}],"curies":[{"name":"wp","href":"https:\/\/api.w.org\/{rel}","templated":true}]}}