{"id":40554,"date":"2019-06-14T08:06:00","date_gmt":"2019-06-14T12:06:00","guid":{"rendered":"https:\/\/linitiative.ca\/International\/les-manifestants-rendent-hommage-aux-martyrs-du-14-juin-2001\/"},"modified":"2019-06-14T08:06:00","modified_gmt":"2019-06-14T12:06:00","slug":"les-manifestants-rendent-hommage-aux-martyrs-du-14-juin-2001","status":"publish","type":"post","link":"https:\/\/linitiative.ca\/International\/les-manifestants-rendent-hommage-aux-martyrs-du-14-juin-2001\/","title":{"rendered":"Les manifestants rendent hommage aux martyrs du 14 juin 2001"},"content":{"rendered":"<div id=\"originalText\" readability=\"62\">\n<p>Des centaines de personnes occupent le centre d\u2019Alger, depuis ce matin, pour participer \u00e0 la 17e marche contre le syst\u00e8me.<\/p>\n<p>Comme \u00e0 l\u2019accoutum\u00e9e, la mobilisation a d\u00e9but\u00e9 au niveau de la place de la Grande Poste, o\u00f9 les manifestants munis de leurs drapeaux et banderoles ont scand\u00e9 des slogans hostiles au g\u00e9n\u00e9ral de corps d\u2019arm\u00e9e, Ahmed Ga\u00efd Salah.<\/p>\n<p>Ils ont r\u00e9clam\u00e9 \u00e9galement, le d\u00e9part du Premier ministre Noureddine Bedoui, et du chef de l\u2019\u00c9tat par int\u00e9rim, Abdelkader Bensalah, en scandant haut et fort \u00ab\u00a0Bedoui et Bensalah, mazal mazal\u00a0!\u00bb.<\/p>\n<p><iframe loading=\"lazy\" allow=\"accelerometer; autoplay; encrypted-media; gyroscope; picture-in-picture\" allowfullscreen=\"\" frameborder=\"0\" height=\"315\" src=\"https:\/\/www.youtube.com\/embed\/HSBOEP2YjNs\" width=\"560\">[embedded content]<\/iframe><\/p>\n<p>Aussi, plusieurs manifestants n\u2019ont pas manqu\u00e9 de rappeler que cette journ\u00e9e co\u00efncide avec la marche des Aarchs de Kabylie \u00e0 Alger, du 14 juin 2001, o\u00f9 des millions de manifestants kabyles avaient investi la capitale pour transmettre au pouvoir la Plate-forme d&rsquo;El-Kseur et protester contre la r\u00e9pression, une marche historique qui a fait 126 morts et des centaines de bless\u00e9s. Aujourd\u2019hui, 18 ans apr\u00e8s, les manifestants leur rendent hommage.<\/p>\n<p><iframe loading=\"lazy\" allow=\"accelerometer; autoplay; encrypted-media; gyroscope; picture-in-picture\" allowfullscreen=\"\" frameborder=\"0\" height=\"315\" src=\"https:\/\/www.youtube.com\/embed\/tYBZ-VTws24\" width=\"560\">[embedded content]<\/iframe><\/p>\n<p class=\"c10\"><strong>Sihem Benmalek<\/strong><\/p>\n<\/div>\n<div id=\"text_core\" readability=\"62\">\n<p>Des centaines de personnes occupent le centre d\u2019Alger, depuis ce matin, pour participer \u00e0 la 17e marche contre le syst\u00e8me.<\/p>\n<p>Comme \u00e0 l\u2019accoutum\u00e9e, la mobilisation a d\u00e9but\u00e9 au niveau de la place de la Grande Poste, o\u00f9 les manifestants munis de leurs drapeaux et banderoles ont scand\u00e9 des slogans hostiles au g\u00e9n\u00e9ral de corps d\u2019arm\u00e9e, Ahmed Ga\u00efd Salah.<\/p>\n<p>Ils ont r\u00e9clam\u00e9 \u00e9galement, le d\u00e9part du Premier ministre Noureddine Bedoui, et du chef de l\u2019\u00c9tat par int\u00e9rim, Abdelkader Bensalah, en scandant haut et fort \u00ab\u00a0Bedoui et Bensalah, mazal mazal\u00a0!\u00bb.<\/p>\n<p><iframe loading=\"lazy\" allow=\"accelerometer; autoplay; encrypted-media; gyroscope; picture-in-picture\" allowfullscreen=\"\" frameborder=\"0\" height=\"315\" src=\"https:\/\/www.youtube.com\/embed\/HSBOEP2YjNs\" width=\"560\">[embedded content]<\/iframe><\/p>\n<p>Aussi, plusieurs manifestants n\u2019ont pas manqu\u00e9 de rappeler que cette journ\u00e9e co\u00efncide avec la marche des Aarchs de Kabylie \u00e0 Alger, du 14 juin 2001, o\u00f9 des millions de manifestants kabyles avaient investi la capitale pour transmettre au pouvoir la Plate-forme d&rsquo;El-Kseur et protester contre la r\u00e9pression, une marche historique qui a fait 126 morts et des centaines de bless\u00e9s. Aujourd\u2019hui, 18 ans apr\u00e8s, les manifestants leur rendent hommage.<\/p>\n<p><iframe loading=\"lazy\" allow=\"accelerometer; autoplay; encrypted-media; gyroscope; picture-in-picture\" allowfullscreen=\"\" frameborder=\"0\" height=\"315\" src=\"https:\/\/www.youtube.com\/embed\/tYBZ-VTws24\" width=\"560\">[embedded content]<\/iframe><\/p>\n<p class=\"c10\"><strong>Sihem Benmalek<\/strong><\/p>\n<\/div>\n<p>Auteur:<br \/>\n<a href=\"https:\/\/www.liberte-algerie.com\/actualite\/les-manifestants-rendent-hommage-aux-martyrs-du-14-juin-2001-317802\">Cliquez ici pour lire l&rsquo;article depuis sa source.<\/a><\/p>\n","protected":false},"excerpt":{"rendered":"<p>Des centaines de personnes occupent le centre d\u2019Alger, depuis ce matin, pour participer \u00e0 la 17e marche contre le syst\u00e8me. Comme \u00e0 l\u2019accoutum\u00e9e, la mobilisation a d\u00e9but\u00e9 au niveau de la place de la Grande Poste, o\u00f9 les manifestants munis de leurs drapeaux et banderoles ont scand\u00e9 des slogans hostiles au g\u00e9n\u00e9ral de corps d\u2019arm\u00e9e, [&hellip;]<\/p>\n","protected":false},"author":1742,"featured_media":0,"comment_status":"closed","ping_status":"closed","sticky":false,"template":"","format":"standard","meta":{"fifu_image_url":"","fifu_image_alt":"","footnotes":""},"categories":[73,53],"tags":[],"class_list":["post-40554","post","type-post","status-publish","format-standard","hentry","category-actualite","category-algerie"],"_links":{"self":[{"href":"https:\/\/linitiative.ca\/International\/wp-json\/wp\/v2\/posts\/40554","targetHints":{"allow":["GET"]}}],"collection":[{"href":"https:\/\/linitiative.ca\/International\/wp-json\/wp\/v2\/posts"}],"about":[{"href":"https:\/\/linitiative.ca\/International\/wp-json\/wp\/v2\/types\/post"}],"author":[{"embeddable":true,"href":"https:\/\/linitiative.ca\/International\/wp-json\/wp\/v2\/users\/1742"}],"replies":[{"embeddable":true,"href":"https:\/\/linitiative.ca\/International\/wp-json\/wp\/v2\/comments?post=40554"}],"version-history":[{"count":0,"href":"https:\/\/linitiative.ca\/International\/wp-json\/wp\/v2\/posts\/40554\/revisions"}],"wp:attachment":[{"href":"https:\/\/linitiative.ca\/International\/wp-json\/wp\/v2\/media?parent=40554"}],"wp:term":[{"taxonomy":"category","embeddable":true,"href":"https:\/\/linitiative.ca\/International\/wp-json\/wp\/v2\/categories?post=40554"},{"taxonomy":"post_tag","embeddable":true,"href":"https:\/\/linitiative.ca\/International\/wp-json\/wp\/v2\/tags?post=40554"}],"curies":[{"name":"wp","href":"https:\/\/api.w.org\/{rel}","templated":true}]}}