{"id":40555,"date":"2019-06-13T14:38:24","date_gmt":"2019-06-13T18:38:24","guid":{"rendered":"https:\/\/linitiative.ca\/International\/environnement-sessions-de-formation-au-profit-de-36-etablissements-penitentiaires\/"},"modified":"2019-06-13T14:38:24","modified_gmt":"2019-06-13T18:38:24","slug":"environnement-sessions-de-formation-au-profit-de-36-etablissements-penitentiaires","status":"publish","type":"post","link":"https:\/\/linitiative.ca\/International\/environnement-sessions-de-formation-au-profit-de-36-etablissements-penitentiaires\/","title":{"rendered":"Environnement: sessions de formation au profit de 36 \u00e9tablissements p\u00e9nitentiaires"},"content":{"rendered":"<div>\n<div class=\"K2FeedImage\"><img decoding=\"async\" src=\"http:\/\/www.aps.dz\/media\/k2\/items\/cache\/e5ea9fa801f3b0f2371dabf6d6bd570b_S.jpg\" alt=\"Environnement: sessions de formation au profit de 36 \u00e9tablissements p\u00e9nitentiaires\"><\/div>\n<div class=\"K2FeedIntroText\">\n<p><strong>TIPASA &#8211; Le Programme de sensibilisation et d&rsquo;\u00e9ducation environnementales, visant la r\u00e9insertion sociale des d\u00e9tenus, a profit\u00e9 \u00e0 36 \u00e9tablissements p\u00e9nitentiaires \u00e0 travers le pays, depuis sa mise en \u0153uvre en 2016, a indiqu\u00e9 jeudi la ministre de l&rsquo;Environnement et des Energies renouvelables, Fatma-Zohra Zerouati.<\/strong><\/p>\n<\/div>\n<div class=\"K2FeedFullText\">\n<p>Ce programme repr\u00e9sente une opportunit\u00e9 d&rsquo;introduire la \u00ab\u00a0dimension environnementale dans le processus de r\u00e9insertion sociale des d\u00e9tenus, et leur orientation vers des m\u00e9tiers verts\u00a0\u00bb, a d\u00e9clar\u00e9 la ministre dans son allocution, \u00e0 la c\u00e9r\u00e9monie de cl\u00f4ture de ce programme organis\u00e9e au niveau de l&rsquo;\u00e9tablissement p\u00e9nitentiaire de Kol\u00e9a (Tipasa).<\/p>\n<p>La c\u00e9r\u00e9monie s&rsquo;est tenue en pr\u00e9sence du wali de Tipaza, Mohamed Bouchama et du directeur g\u00e9n\u00e9ral de l&rsquo;Administration p\u00e9nitentiaire, Mokhtar Felioune.<\/p>\n<p>\u00ab\u00a0La mise en \u0153uvre de ce programme a englob\u00e9 trois (03) sessions de formation au profit de 36 \u00e9tablissements p\u00e9nitentiaires au niveau de 13 wilayas, soit un total de 2.708 d\u00e9tenus et de 1.528 encadreurs \u00ab\u00a0, a-t-elle pr\u00e9cis\u00e9.<\/p>\n<p>Et de poursuivre : \u00ab\u00a0Le programme est ax\u00e9 sur deux volets essentiels\u00a0\u00bb. Le premier est relatif \u00e0 la sensibilisation \u00e0 la protection de l&rsquo;environnement tandis que le deuxi\u00e8me vise la formation aux m\u00e9tiers verts, \u00e0 l&rsquo;instar du jardinage, le recyclage et la valorisation des d\u00e9chets.<\/p>\n<p>La ministre de l&rsquo;Environnement et des Energies renouvelables a signal\u00e9 la s\u00e9lection de neuf \u00e9tablissements laur\u00e9ats sur les 36 ayant pris part au concours du meilleur \u00e9tablissement p\u00e9nitentiaire \u00e9cologique, dont des d\u00e9tenus \u00e9t\u00e9 honor\u00e9s par la ministre mais aussi par le directeur g\u00e9n\u00e9ral de l&rsquo;Administration p\u00e9nitentiaire et le wali de Tipasa.<\/p>\n<p>Le Programme de sensibilisation et d&rsquo;\u00e9ducation environnementales pour la r\u00e9insertion sociale des d\u00e9tenus est inscrit au titre de la mise en \u0153uvre d&rsquo;une Convention de partenariat sign\u00e9e, pr\u00e9c\u00e9demment, entre le minist\u00e8re de l&rsquo;Environnement et des Energies renouvelables et celui de la Justice, dans le cadre de la strat\u00e9gie nationale de soutien \u00e0 la formation environnementale dans la soci\u00e9t\u00e9.<\/p>\n<p>Dans son intervention pour l&rsquo;occasion, M. Felioune a salu\u00e9 l&rsquo;introduction de cette initiative dans les programmes de formation et d&rsquo;\u00e9ducation mis au point au profit des d\u00e9tenus, \u00ab\u00a0pour soutenir leur r\u00e9int\u00e9gration sociale apr\u00e8s avoir purg\u00e9 leur peine, et partant les pr\u00e9munir contre toute r\u00e9cidive\u00a0\u00bb.<\/p>\n<p>Il a fait part, \u00e0 ce titre, du recensement par ses services de plus de 40.000 d\u00e9tenus inscrits dans les trois cycles \u00e9ducatifs (enseignement g\u00e9n\u00e9ral), au moment o\u00f9 39.000 autres d\u00e9tenus suivent une formation professionnelle.<\/p>\n<p>Pour cette ann\u00e9e scolaire 2018\/2019, il a signal\u00e9 l&rsquo;enregistrement de 4.322 d\u00e9tenus \u00e0 l&rsquo;examen de Brevet d&rsquo;enseignement moyen (BEM), contre 4.200 inscrits \u00e0 l&rsquo;examen du baccalaur\u00e9at.<\/p>\n<\/div>\n<\/div>\n<p>Auteur:<br \/>\n<a href=\"http:\/\/www.aps.dz\/regions\/90597-environnement-sessions-de-formation-au-profit-de-36-etablissements-penitentiaires\">Cliquez ici pour lire l&rsquo;article depuis sa source.<\/a><\/p>\n","protected":false},"excerpt":{"rendered":"<p>TIPASA &#8211; Le Programme de sensibilisation et d&rsquo;\u00e9ducation environnementales, visant la r\u00e9insertion sociale des d\u00e9tenus, a profit\u00e9 \u00e0 36 \u00e9tablissements p\u00e9nitentiaires \u00e0 travers le pays, depuis sa mise en \u0153uvre en 2016, a indiqu\u00e9 jeudi la ministre de l&rsquo;Environnement et des Energies renouvelables, Fatma-Zohra Zerouati. Ce programme repr\u00e9sente une opportunit\u00e9 d&rsquo;introduire la \u00ab\u00a0dimension environnementale dans [&hellip;]<\/p>\n","protected":false},"author":1790,"featured_media":40556,"comment_status":"closed","ping_status":"closed","sticky":false,"template":"","format":"standard","meta":{"fifu_image_url":"","fifu_image_alt":"","footnotes":""},"categories":[53,76],"tags":[],"class_list":["post-40555","post","type-post","status-publish","format-standard","has-post-thumbnail","hentry","category-algerie","category-regions"],"_links":{"self":[{"href":"https:\/\/linitiative.ca\/International\/wp-json\/wp\/v2\/posts\/40555","targetHints":{"allow":["GET"]}}],"collection":[{"href":"https:\/\/linitiative.ca\/International\/wp-json\/wp\/v2\/posts"}],"about":[{"href":"https:\/\/linitiative.ca\/International\/wp-json\/wp\/v2\/types\/post"}],"author":[{"embeddable":true,"href":"https:\/\/linitiative.ca\/International\/wp-json\/wp\/v2\/users\/1790"}],"replies":[{"embeddable":true,"href":"https:\/\/linitiative.ca\/International\/wp-json\/wp\/v2\/comments?post=40555"}],"version-history":[{"count":0,"href":"https:\/\/linitiative.ca\/International\/wp-json\/wp\/v2\/posts\/40555\/revisions"}],"wp:featuredmedia":[{"embeddable":true,"href":"https:\/\/linitiative.ca\/International\/wp-json\/"}],"wp:attachment":[{"href":"https:\/\/linitiative.ca\/International\/wp-json\/wp\/v2\/media?parent=40555"}],"wp:term":[{"taxonomy":"category","embeddable":true,"href":"https:\/\/linitiative.ca\/International\/wp-json\/wp\/v2\/categories?post=40555"},{"taxonomy":"post_tag","embeddable":true,"href":"https:\/\/linitiative.ca\/International\/wp-json\/wp\/v2\/tags?post=40555"}],"curies":[{"name":"wp","href":"https:\/\/api.w.org\/{rel}","templated":true}]}}