{"id":40561,"date":"2019-06-13T14:57:23","date_gmt":"2019-06-13T18:57:23","guid":{"rendered":"https:\/\/linitiative.ca\/International\/loperation-marhaba-2019-28-navires-mobilises\/"},"modified":"2019-06-13T14:57:23","modified_gmt":"2019-06-13T18:57:23","slug":"loperation-marhaba-2019-28-navires-mobilises","status":"publish","type":"post","link":"https:\/\/linitiative.ca\/International\/loperation-marhaba-2019-28-navires-mobilises\/","title":{"rendered":"L\u2019op\u00e9ration \u00ab\u00a0Marhaba 2019\u00a0\u00bb: 28 navires mobilis\u00e9s"},"content":{"rendered":"<div readability=\"37\">\n<p>L\u2019op\u00e9ration \u00ab\u00a0Marhaba 2019\u00a0\u00bb qui se d\u00e9roule du 5 juin au 15 septembre 2019 a pr\u00e9vu la mobilisation de 28 navires sur les 11 lignes maritimes, a indiqu\u00e9 jeudi le minist\u00e8re de l\u2019\u00c9quipement, du transport, de la logistique et de l\u2019eau.<\/p>\n<\/div>\n<div readability=\"105\">\n<p>A cet effet, deux axes essentiels ont \u00e9t\u00e9 renforc\u00e9s, le premier \u00e9tant celui de Tanger Med-Algesiras avec 13 navires pour effectuer 53 rotations par jour (8% de plus par rapport \u00e0 2018) et offrant une capacit\u00e9 passagers de 47.210 et une capacit\u00e9 voitures de 12.895, soit une hausse de 11% pour les passagers et 13% pour les v\u00e9hicules, a pr\u00e9cis\u00e9 le minist\u00e8re dans un communiqu\u00e9.<\/p>\n<p>Le deuxi\u00e8me axe Nador-Almeria porte sur la mobilisation de 4 navires qui seront exploit\u00e9s. Ils r\u00e9aliseront 6.5 rotations par jour (soit 30% de plus par rapport \u00e0 2018). Ces navires offrent une capacit\u00e9 passagers de 7.800 passagers et 2.185 voitures, soit une augmentation de 56% pour les passagers et 62% pour les voitures par rapport \u00e0 2018.<\/p>\n<p>Afin d\u2019assurer les meilleures conditions de d\u00e9roulement de l\u2019op\u00e9ration \u00ab\u00a0Marhaba 2019\u00a0\u00bb, le minist\u00e8re a mis en place un cahier des charges d\u00e9di\u00e9, qui pr\u00e9cise les conditions d\u2019exploitation des lignes (\u00e9quipements de s\u00e9curit\u00e9, am\u00e9nagements des espaces h\u00f4teliers, gestionnaires des files d\u2019attente, espaces d\u00e9di\u00e9s pour l\u2019accomplissement des formalit\u00e9s administratives\u2026) et engage les compagnies \u00e0 les respecter, souligne le communiqu\u00e9, ajoutant que le cahier est assujetti d\u2019une caution et pr\u00e9cise les montants \u00e0 pr\u00e9lever en cas de dysfonctionnements et de non-respect des engagements.<\/p>\n<p>Par ailleurs, les navires retenus dans le cadre du plan de flotte font l\u2019objet d\u2019une inspection de s\u00e9curit\u00e9 par une commission maritime mixte maroco-espagnole qui v\u00e9rifie la conformit\u00e9 des dispositions de la s\u00e9curit\u00e9 et des am\u00e9nagements sp\u00e9cifiques.<\/p>\n<p>Le minist\u00e8re informe \u00e9galement que lors de la phase entr\u00e9e au Maroc, des flux quotidiens de moins de 3.000 v\u00e9hicules et 10.000 passagers sont attendus jusqu\u2019au 7 juillet, notant que du 8 au 26 juillet, la cadence des entr\u00e9es devra augmenter pour atteindre 5.000 v\u00e9hicules et 18.000 passagers, tandis que le flux sera le plus \u00e9lev\u00e9 entre le 14 et le 21 juillet et entre le 27 juillet et le 8 ao\u00fbt.<\/p>\n<p>Le transit quotidien attendu devra d\u00e9passer les 5.000 v\u00e9hicules et 18.000 passagers, rel\u00e8ve le communiqu\u00e9 qui pr\u00e9cise qu\u2019une baisse progressive suivra jusqu\u2019\u00e0 la f\u00eate de l\u2019A\u00efd Al Adha.<\/p>\n<p>Pour la phase retour, les flux resteront faibles entre le 1er juillet et le 12 ao\u00fbt (moins de 3.000 v\u00e9hicules et 10.000 passagers). Ils se stabiliseront autour de 5.000 v\u00e9hicules et de 18.000 passagers durant la troisi\u00e8me semaine du mois d\u2019ao\u00fbt et devront d\u00e9passer les 5.000 v\u00e9hicules et 18.000 passagers par jour apr\u00e8s la f\u00eate de l\u2019A\u00efd et jusqu\u2019au 2 septembre 2019.<\/p>\n<p>A cet effet, le minist\u00e8re recommande aux passagers de suivre l\u2019\u00e9volution du trafic sur son site (www.equipement.gov.ma), et mettra en ligne une capsule d\u00e9di\u00e9e \u00e0 l\u2019op\u00e9ration \u00e0 partir du 15 juin 2019. Les passagers devront choisir les dates de leur voyage et tenir compte des pr\u00e9visions et des recommandations des autorit\u00e9s maritimes et portuaires comp\u00e9tentes.<\/p>\n<p>L\u2019op\u00e9ration \u00ab\u00a0Marhaba\u00a0\u00bb fait annuellement l\u2019objet d\u2019un dispositif national et d\u2019un suivi intensif par une Commission nationale constitu\u00e9e de plusieurs d\u00e9partements minist\u00e9riels, des organismes des secteurs public et priv\u00e9 et pr\u00e9sid\u00e9e par le minist\u00e8re de l\u2019Int\u00e9rieur.<\/p>\n<p>Le minist\u00e8re de l\u2019\u00c9quipement, du transport, de la logistique et de l\u2019eau, \u00e0 travers la direction de la Marine marchande, la direction des transports routiers et de la S\u00e9curit\u00e9 routi\u00e8re, la Soci\u00e9t\u00e9 nationale des autoroutes du Maroc, l\u2019Agence Sp\u00e9ciale Tanger Med et l\u2019Agence Nationale des Ports, contribue aux travaux de la Commission nationale et de la Commission mixte maroco-espagnole charg\u00e9es de la pr\u00e9paration de ladite op\u00e9ration et de la validation de son dispositif.<\/p>\n<\/div>\n<p>Auteur: Soufiane ELAHMAR<br \/>\n<a href=\"http:\/\/www.mapoujda.ma\/fr\/marhaba-2019-28-navires-mobilises-sur-les-11-lignes-maritimes\/\">Cliquez ici pour lire l&rsquo;article depuis sa source.<\/a><\/p>\n","protected":false},"excerpt":{"rendered":"<p>L\u2019op\u00e9ration \u00ab\u00a0Marhaba 2019\u00a0\u00bb qui se d\u00e9roule du 5 juin au 15 septembre 2019 a pr\u00e9vu la mobilisation de 28 navires sur les 11 lignes maritimes, a indiqu\u00e9 jeudi le minist\u00e8re de l\u2019\u00c9quipement, du transport, de la logistique et de l\u2019eau. A cet effet, deux axes essentiels ont \u00e9t\u00e9 renforc\u00e9s, le premier \u00e9tant celui de Tanger [&hellip;]<\/p>\n","protected":false},"author":1788,"featured_media":0,"comment_status":"closed","ping_status":"closed","sticky":false,"template":"","format":"standard","meta":{"fifu_image_url":"","fifu_image_alt":"","footnotes":""},"categories":[54,76],"tags":[],"class_list":["post-40561","post","type-post","status-publish","format-standard","hentry","category-maroc","category-regions"],"_links":{"self":[{"href":"https:\/\/linitiative.ca\/International\/wp-json\/wp\/v2\/posts\/40561","targetHints":{"allow":["GET"]}}],"collection":[{"href":"https:\/\/linitiative.ca\/International\/wp-json\/wp\/v2\/posts"}],"about":[{"href":"https:\/\/linitiative.ca\/International\/wp-json\/wp\/v2\/types\/post"}],"author":[{"embeddable":true,"href":"https:\/\/linitiative.ca\/International\/wp-json\/wp\/v2\/users\/1788"}],"replies":[{"embeddable":true,"href":"https:\/\/linitiative.ca\/International\/wp-json\/wp\/v2\/comments?post=40561"}],"version-history":[{"count":0,"href":"https:\/\/linitiative.ca\/International\/wp-json\/wp\/v2\/posts\/40561\/revisions"}],"wp:attachment":[{"href":"https:\/\/linitiative.ca\/International\/wp-json\/wp\/v2\/media?parent=40561"}],"wp:term":[{"taxonomy":"category","embeddable":true,"href":"https:\/\/linitiative.ca\/International\/wp-json\/wp\/v2\/categories?post=40561"},{"taxonomy":"post_tag","embeddable":true,"href":"https:\/\/linitiative.ca\/International\/wp-json\/wp\/v2\/tags?post=40561"}],"curies":[{"name":"wp","href":"https:\/\/api.w.org\/{rel}","templated":true}]}}