{"id":40566,"date":"2019-06-14T15:14:08","date_gmt":"2019-06-14T19:14:08","guid":{"rendered":"https:\/\/linitiative.ca\/International\/ligue-1-2-jsk-bounoua-et-el-orfi-presentes-incessamment\/"},"modified":"2019-06-14T15:14:08","modified_gmt":"2019-06-14T19:14:08","slug":"ligue-1-2-jsk-bounoua-et-el-orfi-presentes-incessamment","status":"publish","type":"post","link":"https:\/\/linitiative.ca\/International\/ligue-1-2-jsk-bounoua-et-el-orfi-presentes-incessamment\/","title":{"rendered":"Ligue 1 &amp; 2 : JSK: Bounoua et El Orfi pr\u00e9sent\u00e9s incessamment"},"content":{"rendered":"<div readability=\"32\">\n<p>Auteur : <span>Li\u00e9s Aouiche.<\/span> <span class=\"time\">vendredi 14 juin 2019 12:11<\/span><\/p>\n<\/div>\n<div id=\"post_core\" readability=\"69\">\n<p>Le dossier recrutement est le premier volet qui int\u00e9resse les dirigeants kabyles. Le pr\u00e9sident Cherif Mellal est en train de pr\u00e9parer activement la saison prochaine. Le boss kabyle s\u2019est pench\u00e9 s\u00e9rieusement sur l\u2019op\u00e9ration recrutement et a d\u00e9j\u00e0 entrepris des contacts avec certains joueurs susceptibles de venir renforcer les rangs des Jaune et Vert. Depuis plus d\u2019une semaine d\u00e9j\u00e0, cette op\u00e9ration a connu un nouveau souffle m\u00eame si elle n\u2019avance pas toujours \u00e0 grands pas. En une seule semaine, le boss kabyle et ses proches collaborateurs sont pass\u00e9s \u00e0 la vitesse sup\u00e9rieure et devront finaliser l\u2019arriv\u00e9e de deux autres joueurs. En effet, le milieu de l\u2019USMBA, Bounoua, et l\u2019autre milieu de l\u2019USMA, El Orfi, sont sur le point d\u2019officialiser leur venue \u00e0 la JSK m\u00eame s\u2019ils ont d\u00e9j\u00e0 sign\u00e9 leur contrat. Selon une source autoris\u00e9e, les deux futurs milieux kabyles seront pr\u00e9sent\u00e9s aux m\u00e9dias tr\u00e8s prochainement. \u00a0<\/p>\n<p><strong>Un troisi\u00e8me joueur local confirm\u00e9<\/strong><br \/>La JSK, qui compte proc\u00e9der \u00e0 un recrutement \u00e9tudi\u00e9 et cibl\u00e9, devrait encore recruter trois autres joueurs au minimum. Afin de booster l\u2019\u00e9quipe, r\u00e9ussir une bonne figure en championnat et surtout retrouver la Ligue des champions sous de bons auspices, un troisi\u00e8me \u00e9l\u00e9ment qui \u00e9volue en championnat local est cibl\u00e9. C\u2019est du moins ce qui semble \u00eatre la prochaine d\u00e9marche des responsables du club soucieux de renforcer le groupe et jouer encore les premiers r\u00f4les l\u2019exercice prochain. Mellal, qui sait que le temps est un facteur d\u00e9terminant, met les bouch\u00e9es doubles pour parvenir \u00e0 ses fins. Une source nous a fait savoir qu\u2019en parall\u00e8le, le boss aurait entrepris des contacts avec certains sponsors afin d\u2019assurer une assise financi\u00e8re solide pour la prochaine saison. Il veut que les caisses du club soient renflou\u00e9es afin de parer \u00e0 toutes mauvaises surprises.<\/p>\n<p><strong>Tabti en pole position<\/strong><br \/>Comme anticip\u00e9 sur ces m\u00eames colonnes, la direction de la JSK fait du recrutement des deux joueurs de Bel Abb\u00e8s, Bounoua et Tabti, sa priorit\u00e9. Si l\u2019officialisation de la venue du premier n\u2019est qu\u2019une question de temps, le recrutement de Tabti pi\u00e9tine et peine \u00e0 se concr\u00e9tiser. Pressenti dans un championnat du Golfe, le meneur de jeu de l\u2019USMBA ne ferme pas la porte aux dirigeants kabyles. Au cas o\u00f9 son transfert \u00e0 l\u2019\u00e9tranger \u00e9choue, il devrait atterrir \u00e0 Tizi-Ouzou et tout porte \u00e0 croire que Tabti sera la derni\u00e8re recrue de la JSK cet \u00e9t\u00e9, sans parler de la piste africaine\u2026<\/p>\n<p><strong>Publi\u00e9 dans :<\/strong> <span>JSK<\/span> <span>El Orfi<\/span> <span>bounoua<\/span><\/p>\n<\/div>\n<p>Auteur:<br \/>\n<a href=\"http:\/\/www.lebuteur.com\/article\/detail?titre=jsk-bounoua-et-el-orfi-presentes-incessamment&#038;id=89572&#038;utm_source=feedburner&#038;utm_medium=feed&#038;utm_campaign=Feed%3A+GalerieFArtciles+%28Les+derniers+articles++-+lebuteur.com%29\">Cliquez ici pour lire l&rsquo;article depuis sa source.<\/a><\/p>\n","protected":false},"excerpt":{"rendered":"<p>Auteur : Li\u00e9s Aouiche. vendredi 14 juin 2019 12:11 Le dossier recrutement est le premier volet qui int\u00e9resse les dirigeants kabyles. Le pr\u00e9sident Cherif Mellal est en train de pr\u00e9parer activement la saison prochaine. Le boss kabyle s\u2019est pench\u00e9 s\u00e9rieusement sur l\u2019op\u00e9ration recrutement et a d\u00e9j\u00e0 entrepris des contacts avec certains joueurs susceptibles de venir [&hellip;]<\/p>\n","protected":false},"author":1738,"featured_media":40567,"comment_status":"closed","ping_status":"closed","sticky":false,"template":"","format":"standard","meta":{"fifu_image_url":"","fifu_image_alt":"","footnotes":""},"categories":[53,75],"tags":[],"class_list":["post-40566","post","type-post","status-publish","format-standard","has-post-thumbnail","hentry","category-algerie","category-sport"],"_links":{"self":[{"href":"https:\/\/linitiative.ca\/International\/wp-json\/wp\/v2\/posts\/40566","targetHints":{"allow":["GET"]}}],"collection":[{"href":"https:\/\/linitiative.ca\/International\/wp-json\/wp\/v2\/posts"}],"about":[{"href":"https:\/\/linitiative.ca\/International\/wp-json\/wp\/v2\/types\/post"}],"author":[{"embeddable":true,"href":"https:\/\/linitiative.ca\/International\/wp-json\/wp\/v2\/users\/1738"}],"replies":[{"embeddable":true,"href":"https:\/\/linitiative.ca\/International\/wp-json\/wp\/v2\/comments?post=40566"}],"version-history":[{"count":0,"href":"https:\/\/linitiative.ca\/International\/wp-json\/wp\/v2\/posts\/40566\/revisions"}],"wp:featuredmedia":[{"embeddable":true,"href":"https:\/\/linitiative.ca\/International\/wp-json\/"}],"wp:attachment":[{"href":"https:\/\/linitiative.ca\/International\/wp-json\/wp\/v2\/media?parent=40566"}],"wp:term":[{"taxonomy":"category","embeddable":true,"href":"https:\/\/linitiative.ca\/International\/wp-json\/wp\/v2\/categories?post=40566"},{"taxonomy":"post_tag","embeddable":true,"href":"https:\/\/linitiative.ca\/International\/wp-json\/wp\/v2\/tags?post=40566"}],"curies":[{"name":"wp","href":"https:\/\/api.w.org\/{rel}","templated":true}]}}