{"id":40570,"date":"2019-06-14T15:14:11","date_gmt":"2019-06-14T19:14:11","guid":{"rendered":"https:\/\/linitiative.ca\/International\/ligue-1-2-crb-amrani-objetcif-batir-une-equipe-capable-de-jouer-sur-les-trois-fronts\/"},"modified":"2019-06-14T15:14:11","modified_gmt":"2019-06-14T19:14:11","slug":"ligue-1-2-crb-amrani-objetcif-batir-une-equipe-capable-de-jouer-sur-les-trois-fronts","status":"publish","type":"post","link":"https:\/\/linitiative.ca\/International\/ligue-1-2-crb-amrani-objetcif-batir-une-equipe-capable-de-jouer-sur-les-trois-fronts\/","title":{"rendered":"Ligue 1 &amp; 2 : CRB &#8211; Amrani: \u00abObjetcif : b\u00e2tir une \u00e9quipe capable de jouer sur les trois fronts\u00bb"},"content":{"rendered":"<div readability=\"32\">\n<p>Auteur : <span>Islam Tazibt<\/span> <span class=\"time\">vendredi 14 juin 2019 12:11<\/span><\/p>\n<\/div>\n<div id=\"post_core\" readability=\"51\">\n<p>Alors que beaucoup sp\u00e9culaient sur son avenir, Abdelkader Amrani, qui n\u2019a toujours pas renouvel\u00e9 son bail avec le Chabab, a bien l\u2019intention de poursuivre son aventure du c\u00f4t\u00e9 de La\u00e2quiba. C\u2019est en tout cas, c\u2019est ce qu\u2019il a laiss\u00e9 entendre derni\u00e8rement quand il a d\u00e9clar\u00e9 : \u00abJ\u2019ai remis derni\u00e8rement mon bilan \u00e0 la direction et j\u2019ai m\u00eame \u00e9tabli la liste des joueurs lib\u00e9r\u00e9s. Maintenant, il faut travailler sur le renforcement de l\u2019effectif. Je veux b\u00e2tir une \u00e9quipe tr\u00e8s forte pour jouer les premiers r\u00f4les en championnat et en Coupe de la CAF.\u00bb<\/p>\n<p><strong>\u00abEntra\u00eener le Chabab est une grande responsabilit\u00e9\u00bb<\/strong><br \/>Par ailleurs, le technicien originaire de Tlemcen a aussi \u00e9voqu\u00e9 l\u2019exigence que requiert le poste d\u2019entraineur du Chabab de Belouizdad. \u00abJe l\u2019ai d\u00e9j\u00e0 dit quand je suis venu au club : entra\u00eener le Chabab de Belouizdad est une grande responsabilit\u00e9. C\u2019est un grand club o\u00f9 les exigences sont \u00e9lev\u00e9es et o\u00f9 l\u2019histoire p\u00e8se sur le pr\u00e9sent. Je sais que je ne trouverai pas mieux que le Chabab, surtout si une solution est trouv\u00e9e aux conflits qui existent en interne entre Allik et une autre partie\u00bb, a-t-il d\u00e9clar\u00e9. MADAR a annonc\u00e9 une accalmie entre Allik et Sbia. Amrani n\u2019a donc plus rien \u00e0 craindre, son avenir avec le Chabab semble tout trac\u00e9.<br \/>\u00a0<\/p>\n<p><strong>Publi\u00e9 dans :<\/strong> <span>CRB<\/span> <span>Amrani<\/span><\/p>\n<\/div>\n<p>Auteur:<br \/>\n<a href=\"http:\/\/www.lebuteur.com\/article\/detail?titre=crb-amrani-objetcif-batir-une-equipe-capable-de-jouer-sur-les-trois-fronts&#038;id=89570&#038;utm_source=feedburner&#038;utm_medium=feed&#038;utm_campaign=Feed%3A+GalerieFArtciles+%28Les+derniers+articles++-+lebuteur.com%29\">Cliquez ici pour lire l&rsquo;article depuis sa source.<\/a><\/p>\n","protected":false},"excerpt":{"rendered":"<p>Auteur : Islam Tazibt vendredi 14 juin 2019 12:11 Alors que beaucoup sp\u00e9culaient sur son avenir, Abdelkader Amrani, qui n\u2019a toujours pas renouvel\u00e9 son bail avec le Chabab, a bien l\u2019intention de poursuivre son aventure du c\u00f4t\u00e9 de La\u00e2quiba. C\u2019est en tout cas, c\u2019est ce qu\u2019il a laiss\u00e9 entendre derni\u00e8rement quand il a d\u00e9clar\u00e9 : [&hellip;]<\/p>\n","protected":false},"author":1738,"featured_media":40571,"comment_status":"closed","ping_status":"closed","sticky":false,"template":"","format":"standard","meta":{"fifu_image_url":"","fifu_image_alt":"","footnotes":""},"categories":[53,75],"tags":[],"class_list":["post-40570","post","type-post","status-publish","format-standard","has-post-thumbnail","hentry","category-algerie","category-sport"],"_links":{"self":[{"href":"https:\/\/linitiative.ca\/International\/wp-json\/wp\/v2\/posts\/40570","targetHints":{"allow":["GET"]}}],"collection":[{"href":"https:\/\/linitiative.ca\/International\/wp-json\/wp\/v2\/posts"}],"about":[{"href":"https:\/\/linitiative.ca\/International\/wp-json\/wp\/v2\/types\/post"}],"author":[{"embeddable":true,"href":"https:\/\/linitiative.ca\/International\/wp-json\/wp\/v2\/users\/1738"}],"replies":[{"embeddable":true,"href":"https:\/\/linitiative.ca\/International\/wp-json\/wp\/v2\/comments?post=40570"}],"version-history":[{"count":0,"href":"https:\/\/linitiative.ca\/International\/wp-json\/wp\/v2\/posts\/40570\/revisions"}],"wp:featuredmedia":[{"embeddable":true,"href":"https:\/\/linitiative.ca\/International\/wp-json\/"}],"wp:attachment":[{"href":"https:\/\/linitiative.ca\/International\/wp-json\/wp\/v2\/media?parent=40570"}],"wp:term":[{"taxonomy":"category","embeddable":true,"href":"https:\/\/linitiative.ca\/International\/wp-json\/wp\/v2\/categories?post=40570"},{"taxonomy":"post_tag","embeddable":true,"href":"https:\/\/linitiative.ca\/International\/wp-json\/wp\/v2\/tags?post=40570"}],"curies":[{"name":"wp","href":"https:\/\/api.w.org\/{rel}","templated":true}]}}