{"id":40572,"date":"2019-06-14T15:14:13","date_gmt":"2019-06-14T19:14:13","guid":{"rendered":"https:\/\/linitiative.ca\/International\/ligue-1-2-meziane-pour-moi-ce-sera-lusma-ou-letranger-et-jai-tenu-ma-promesse\/"},"modified":"2019-06-14T15:14:13","modified_gmt":"2019-06-14T19:14:13","slug":"ligue-1-2-meziane-pour-moi-ce-sera-lusma-ou-letranger-et-jai-tenu-ma-promesse","status":"publish","type":"post","link":"https:\/\/linitiative.ca\/International\/ligue-1-2-meziane-pour-moi-ce-sera-lusma-ou-letranger-et-jai-tenu-ma-promesse\/","title":{"rendered":"Ligue 1 &amp; 2 : Meziane : \u00abPour moi, ce sera l\u2019USMA ou l\u2019\u00e9tranger et j\u2019ai tenu ma promesse\u00bb"},"content":{"rendered":"<div readability=\"32\">\n<p>Auteur : <span>Adel Cheraki<\/span> <span class=\"time\">vendredi 14 juin 2019 12:11<\/span><\/p>\n<\/div>\n<div id=\"post_core\" readability=\"60\">\n<p>C\u2019est hier en d\u00e9but d\u2019apr\u00e8s-midi que les responsables d\u2019Al-A\u00efn ont annonc\u00e9 officiellement le recrutement d\u2019Abderrahmane Meziane. Le d\u00e9sormais ex-attaquant des Rouge et Noir a sign\u00e9 un contrat de quatre ans au profit du club \u00e9mirati. Contact\u00e9 un peu plus tard dans la m\u00eame journ\u00e9e, le joueur a fait ses adieux aux supporters alg\u00e9rois en nous d\u00e9clarant : \u00abJe vous ai accord\u00e9 une interview dans laquelle j\u2019avais d\u00e9clar\u00e9 qu\u2019en Alg\u00e9rie, je n\u2019allais jouer que pour l\u2019USMA. Maintenant que mon contrat s\u2019est expir\u00e9, j\u2019ai opt\u00e9 pour un club \u00e9tranger et en prenant la direction des Emirats arabes unis, je peux dire que j\u2019ai tenu ma promesse. Pour revenir \u00e0 mon arriv\u00e9e \u00e0 Al-A\u00efn, je pense avoir pris la meilleure d\u00e9cision. C\u2019est un club prestigieux, je sais que je pourrai progresser et \u00eatre meilleur. Maintenant, la balle est dans mon camp et ce sera \u00e0 moi de me montrer \u00e0 la hauteur.\u00bb<\/p>\n<p><strong>\u00abJe suivrai toujours les r\u00e9sultats de l\u2019USMA \u00bb<\/strong><br \/>Abderrahmane Meziane ne s\u2019est pas arr\u00eat\u00e9 l\u00e0, puisqu\u2019il a ajout\u00e9 : \u00abJ\u2019ai v\u00e9cu des bons moments \u00e0 l\u2019USMA. J\u2019ai toujours \u00e9t\u00e9 bien trait\u00e9 et je n\u2019oublierai jamais \u00e7a. Je me consid\u00e9r\u00e9 comme un enfant du club, c\u2019est tout \u00e0 fait normal donc que je continuerai \u00e0 suivre les r\u00e9sultats de mon \u00e9quipe pr\u00e9f\u00e9r\u00e9e. M\u00eame si je serai loin, je continuerai \u00e0 \u00eatre un supporter de l\u2019USMA et je serai heureux de la voir remporter d\u2019autres troph\u00e9es et briller.\u00bb Des propos qui ne devront que faire plaisir aux amoureux du club.<\/p>\n<p><strong>\u00abJe remercie les fans pour leurs messages et soutien sans faille\u00bb<\/strong><br \/>Pour terminer, Abderrahmane Meziane a dit : \u00abJe remercie les supporters pour leurs messages et soutien sans faille. C\u2019est gr\u00e2ce \u00e0 l\u2019USMA et \u00e0 ses supporters que j\u2019ai pu me faire un nom sur la sc\u00e8ne nationale. J\u2019ai pu aussi int\u00e9grer la s\u00e9lection nationale que j\u2019aimerais bien retrouver \u00e0 l\u2019avenir. En attendant, je consentirai plus d\u2019efforts pour \u00eatre meilleur et m\u2019imposer dans mon nouveau club, surtout que j\u2019ai une grosse envie de r\u00e9ussir.\u00bb<\/p>\n<p><strong>Publi\u00e9 dans :<\/strong> <span>USMA<\/span> <span>Meziane<\/span><\/p>\n<\/div>\n<p>Auteur:<br \/>\n<a href=\"http:\/\/www.lebuteur.com\/article\/detail?titre=meziane-pour-moi-ce-sera-lusma-ou-letranger-et-jai-tenu-ma-promesse&#038;id=89568&#038;utm_source=feedburner&#038;utm_medium=feed&#038;utm_campaign=Feed%3A+GalerieFArtciles+%28Les+derniers+articles++-+lebuteur.com%29\">Cliquez ici pour lire l&rsquo;article depuis sa source.<\/a><\/p>\n","protected":false},"excerpt":{"rendered":"<p>Auteur : Adel Cheraki vendredi 14 juin 2019 12:11 C\u2019est hier en d\u00e9but d\u2019apr\u00e8s-midi que les responsables d\u2019Al-A\u00efn ont annonc\u00e9 officiellement le recrutement d\u2019Abderrahmane Meziane. Le d\u00e9sormais ex-attaquant des Rouge et Noir a sign\u00e9 un contrat de quatre ans au profit du club \u00e9mirati. Contact\u00e9 un peu plus tard dans la m\u00eame journ\u00e9e, le joueur [&hellip;]<\/p>\n","protected":false},"author":1738,"featured_media":40573,"comment_status":"closed","ping_status":"closed","sticky":false,"template":"","format":"standard","meta":{"fifu_image_url":"","fifu_image_alt":"","footnotes":""},"categories":[53,75],"tags":[],"class_list":["post-40572","post","type-post","status-publish","format-standard","has-post-thumbnail","hentry","category-algerie","category-sport"],"_links":{"self":[{"href":"https:\/\/linitiative.ca\/International\/wp-json\/wp\/v2\/posts\/40572","targetHints":{"allow":["GET"]}}],"collection":[{"href":"https:\/\/linitiative.ca\/International\/wp-json\/wp\/v2\/posts"}],"about":[{"href":"https:\/\/linitiative.ca\/International\/wp-json\/wp\/v2\/types\/post"}],"author":[{"embeddable":true,"href":"https:\/\/linitiative.ca\/International\/wp-json\/wp\/v2\/users\/1738"}],"replies":[{"embeddable":true,"href":"https:\/\/linitiative.ca\/International\/wp-json\/wp\/v2\/comments?post=40572"}],"version-history":[{"count":0,"href":"https:\/\/linitiative.ca\/International\/wp-json\/wp\/v2\/posts\/40572\/revisions"}],"wp:featuredmedia":[{"embeddable":true,"href":"https:\/\/linitiative.ca\/International\/wp-json\/"}],"wp:attachment":[{"href":"https:\/\/linitiative.ca\/International\/wp-json\/wp\/v2\/media?parent=40572"}],"wp:term":[{"taxonomy":"category","embeddable":true,"href":"https:\/\/linitiative.ca\/International\/wp-json\/wp\/v2\/categories?post=40572"},{"taxonomy":"post_tag","embeddable":true,"href":"https:\/\/linitiative.ca\/International\/wp-json\/wp\/v2\/tags?post=40572"}],"curies":[{"name":"wp","href":"https:\/\/api.w.org\/{rel}","templated":true}]}}