{"id":40574,"date":"2019-06-14T15:14:15","date_gmt":"2019-06-14T19:14:15","guid":{"rendered":"https:\/\/linitiative.ca\/International\/ligue-1-2-usma-yaakoubi-quon-me-donne-du-temps-et-quon-me-laisse-travailler-ensuite-on-pourra-me-juger\/"},"modified":"2019-06-14T15:14:15","modified_gmt":"2019-06-14T19:14:15","slug":"ligue-1-2-usma-yaakoubi-quon-me-donne-du-temps-et-quon-me-laisse-travailler-ensuite-on-pourra-me-juger","status":"publish","type":"post","link":"https:\/\/linitiative.ca\/International\/ligue-1-2-usma-yaakoubi-quon-me-donne-du-temps-et-quon-me-laisse-travailler-ensuite-on-pourra-me-juger\/","title":{"rendered":"Ligue 1 &amp; 2 : USMA &#8211; Ya\u00e2koubi : \u00abQu\u2019on me donne du temps et qu\u2019on me laisse travailler, ensuite on pourra me juger\u00bb"},"content":{"rendered":"<div readability=\"32\">\n<p>Auteur : <span>Adel Cheraki<\/span> <span class=\"time\">vendredi 14 juin 2019 12:11<\/span><\/p>\n<\/div>\n<div id=\"post_core\" readability=\"113\">\n<p>Sauf revirement de situation de derni\u00e8re minute, c\u2019est Ka\u00efsYa\u00e2koubi qui entrainera l\u2019USMA la saison prochaine apr\u00e8s qu\u2019un accord ait \u00e9t\u00e9 trouv\u00e9 entre lui et les dirigeants tard dans la soir\u00e9e du mercredi. Contact\u00e9 au bout du fil hier en d\u00e9but d\u2019apr\u00e8s-midi, le coach tunisien a eu la sympathie de nous accorder cette interview dans laquelle il a \u00e9voqu\u00e9 plusieurs sujets qu\u2019on vous laisse le soin de les d\u00e9couvrir.<br \/>\u00a0<br \/><strong>Pour commencer, dites-nous comment les n\u00e9gociations se sont d\u00e9roul\u00e9es avec les dirigeants de l\u2019USMA ?<\/strong><br \/>Les \u00e9v\u00e8nements se sont enchain\u00e9s \u00e0 une grande vitesse. J\u2019ai \u00e9t\u00e9 contact\u00e9 dans un premier temps et j\u2019ai vite \u00e9t\u00e9 s\u00e9duit par l\u2019id\u00e9e de coacher ce grand club qui n\u2019est pas \u00e0 pr\u00e9senter. Personne ne peut refuser l\u2019USMA, donc je n\u2019ai pas pris beaucoup de temps avant de rendre mon verdict et ce fut une r\u00e9ponse positive. Par la suite, je me suis mis autour d\u2019une table avec les responsables. J\u2019ai appr\u00e9ci\u00e9 leur discours, nous nous sommes mis d\u2019accord sur tous les points \u00e9voqu\u00e9s. J\u2019ai accept\u00e9 de relever ce d\u00e9fi et il ne reste \u00e0 pr\u00e9sent que la signature du contrat avant que j\u2019entame ma mission officiellement.<\/p>\n<p><strong>Quand est-ce que vous allez le faire ?<\/strong><br \/>Une fois que je serai \u00e0 Alger, je signerai mon contrat. Si tout se d\u00e9roulera comme pr\u00e9vu, c\u2019est lors de la derni\u00e8re semaine de ce mois de juin. Ce sera soit le 23 ou le 24, d\u00e8s que ce sera fait, j\u2019entamerai ma mission. Nous avons une saison \u00e0 pr\u00e9parer, une saison qui d\u00e9butera d\u00e8s le mois d\u2019ao\u00fbt, nous sommes appel\u00e9s \u00e0 bien bosser pendant l\u2019intersaison afin que nous soyons pr\u00eats pour la reprise de la comp\u00e9tition officielle.<\/p>\n<p><strong>Le d\u00e9but de la pr\u00e9paration est pr\u00e9vu pour le 25 juin, cette p\u00e9riode sera-t-elle suffisante selon vous ?<\/strong><br \/>Nous aurons six semaines, nous n\u2019aurons pas assez de temps, c\u2019est un petit peu serr\u00e9 surtout que certains joueurs ont quitt\u00e9 le navire et d\u2019autres d\u00e9barqueront, mais nous ferons en sorte de bien g\u00e9rer cette p\u00e9riode cruciale car elle est importante pour la suite du parcours. Nous participerons \u00e0 la Ligue des Champions, une comp\u00e9tition que j\u2019ai eue l\u2019occasion de la d\u00e9couvrir avec mon ancienne \u00e9quipe \u00e0 savoir le Club Africain. L\u2019USMA est aussi le tenant du titre, nous le d\u00e9fendrons \u00e0 fond et nous n\u2019allons pas n\u00e9gliger la Coupe d\u2019Alg\u00e9rie qui a un charme sp\u00e9cial. Nos objectifs sont pr\u00e9cis, nous allons essayer de les atteindre et procurer de la joie \u00e0 nos supporters.\u00a0<\/p>\n<p><strong>Le club vit une situation un petit peu compliqu\u00e9e, le saviez-vous ?<\/strong><br \/>Oui, je l\u2019ai appris. Les dirigeants que j\u2019ai rencontr\u00e9s m\u2019ont donn\u00e9 des garanties. Ils m\u2019ont affirm\u00e9 qu\u2019ils mettront les moyens pour que le club puisse r\u00e9aliser le meilleur parcours possible. Dans le cas contraire, nous ferons avec les moyens du bord. En tout cas, je sais ce qu\u2019il m\u2019attend et la pression ne me fait pas peur. J\u2019ai une grosse envie de marquer mon passage en Alg\u00e9rie et c\u2019est ce qui ne se fera que si je r\u00e9ussisse avec l\u2019USMA.<\/p>\n<p><strong>Relever un tel d\u00e9fi ne vous fait-il pas peur ?<\/strong><br \/>Non, pas du tout. J\u2019ai d\u00e9j\u00e0 entrain\u00e9 de grands clubs \u00e0 l\u2019image du Club Africain. J\u2019ai exerc\u00e9 au Qatar, j\u2019ai pris en charge Al-Arabi qui est le club le plus populaire du Qatar, mais aussi Al-Weehadat en Jordanie avec qui j\u2019ai pu atteindre les demi-finales de la Coupe d\u2019Asie et que j\u2019ai d\u00fb quitter \u00e0 cause de la fin de mon contrat. Ce challenge ne me fait pas peur. J\u2019ai en tout cas assez d\u2019exp\u00e9rience pour bien g\u00e9rer la situation et une grosse d\u00e9termination pour mener l\u2019USMA vers d\u2019autres cons\u00e9crations.<\/p>\n<p><strong>Allez-vous d\u00e9barquer seul ou comptez-vous ramener votre propre staff ?<\/strong><br \/>Non, je vais faire confiance \u00e0 ceux qui sont d\u00e9j\u00e0 sur place. Mon adjoint sera alg\u00e9rien tout comme l\u2019entraineur des gardiens de but. Je n\u2019ai demand\u00e9 \u00e0 recruter qu\u2019un pr\u00e9parateur physique. Il sera tunisien et arrivera \u00e0 Alger au m\u00eame moment que moi.<\/p>\n<p><strong>A l\u2019image de Rolland Courbis et Thierry Froger, vous souhaitez certainement gagner votre premier titre en tant qu\u2019entraineur avec l\u2019USMA\u2026<\/strong><br \/>Bien sur! InCh\u2019Allah. Je l\u2019esp\u00e8re bien.<\/p>\n<p><strong>Avez-vous une id\u00e9e de la Ligue 1Mobilis ?<\/strong><br \/>Evidement! Je garde un \u0153il sur tous ce qui se passe dans le Maghreb mais aussi dans les autres championnats arabes. Je sais que la JSK a v\u00e9cu une saison difficile en 2017\/2018 et qu\u2019elle est revenue en force. Je sais aussi que le Paradou AC pratique un joli football. Je connais les joueurs alg\u00e9riens, c\u2019est des joueurs techniques qu\u2019il faut savoir les faire progresser afin qu\u2019ils soient meilleurs. La Ligue 1Mobilis est d\u2019un bon niveau, ses supporters sont aussi un vrai plus pour le football alg\u00e9rien car ils cr\u00e9ent le spectacle et ont une mani\u00e8re sp\u00e9ciale de soutenir leurs \u00e9quipes de c\u0153ur. Les rencontres se jouent dans des stades pleins, c\u2019est aussi un plus.<\/p>\n<p><strong>Quel message lancez-vous aux supporters de l\u2019USMA ?<\/strong><br \/>D\u00e9j\u00e0, je vais essayer d\u2019\u00eatre le meilleur ambassadeur de mon pays, la Tunisie, ici en Alg\u00e9rie. Les supporters ont un r\u00f4le important \u00e0 jouer, ils ont toujours \u00e9t\u00e9 l\u00e0 pour leur club et j\u2019esp\u00e8re qu\u2019ils resteront \u00e0 fond derri\u00e8re lui. Je suis une personne qui accepte la critique, mais pas n\u2019importe quelle critique, je veux qu\u2019elle soit constructive et non pas critiquer juste pour le faire. Qu\u2019ils me donnent du temps et me laissent travailler, ensuite ils pourront demander des comptes.<\/p>\n<p><strong>Publi\u00e9 dans :<\/strong> <span>USMA<\/span> <span>Ya\u00e2koubi<\/span><\/p>\n<\/div>\n<p>Auteur:<br \/>\n<a href=\"http:\/\/www.lebuteur.com\/article\/detail?titre=usma-yaakoubi-quon-me-donne-du-temps-et-quon-me-laisse-travailler-ensuite-on-pourra-me-juger&#038;id=89566&#038;utm_source=feedburner&#038;utm_medium=feed&#038;utm_campaign=Feed%3A+GalerieFArtciles+%28Les+derniers+articles++-+lebuteur.com%29\">Cliquez ici pour lire l&rsquo;article depuis sa source.<\/a><\/p>\n","protected":false},"excerpt":{"rendered":"<p>Auteur : Adel Cheraki vendredi 14 juin 2019 12:11 Sauf revirement de situation de derni\u00e8re minute, c\u2019est Ka\u00efsYa\u00e2koubi qui entrainera l\u2019USMA la saison prochaine apr\u00e8s qu\u2019un accord ait \u00e9t\u00e9 trouv\u00e9 entre lui et les dirigeants tard dans la soir\u00e9e du mercredi. Contact\u00e9 au bout du fil hier en d\u00e9but d\u2019apr\u00e8s-midi, le coach tunisien a eu [&hellip;]<\/p>\n","protected":false},"author":1738,"featured_media":40575,"comment_status":"closed","ping_status":"closed","sticky":false,"template":"","format":"standard","meta":{"fifu_image_url":"","fifu_image_alt":"","footnotes":""},"categories":[53,75],"tags":[],"class_list":["post-40574","post","type-post","status-publish","format-standard","has-post-thumbnail","hentry","category-algerie","category-sport"],"_links":{"self":[{"href":"https:\/\/linitiative.ca\/International\/wp-json\/wp\/v2\/posts\/40574","targetHints":{"allow":["GET"]}}],"collection":[{"href":"https:\/\/linitiative.ca\/International\/wp-json\/wp\/v2\/posts"}],"about":[{"href":"https:\/\/linitiative.ca\/International\/wp-json\/wp\/v2\/types\/post"}],"author":[{"embeddable":true,"href":"https:\/\/linitiative.ca\/International\/wp-json\/wp\/v2\/users\/1738"}],"replies":[{"embeddable":true,"href":"https:\/\/linitiative.ca\/International\/wp-json\/wp\/v2\/comments?post=40574"}],"version-history":[{"count":0,"href":"https:\/\/linitiative.ca\/International\/wp-json\/wp\/v2\/posts\/40574\/revisions"}],"wp:featuredmedia":[{"embeddable":true,"href":"https:\/\/linitiative.ca\/International\/wp-json\/"}],"wp:attachment":[{"href":"https:\/\/linitiative.ca\/International\/wp-json\/wp\/v2\/media?parent=40574"}],"wp:term":[{"taxonomy":"category","embeddable":true,"href":"https:\/\/linitiative.ca\/International\/wp-json\/wp\/v2\/categories?post=40574"},{"taxonomy":"post_tag","embeddable":true,"href":"https:\/\/linitiative.ca\/International\/wp-json\/wp\/v2\/tags?post=40574"}],"curies":[{"name":"wp","href":"https:\/\/api.w.org\/{rel}","templated":true}]}}