{"id":40576,"date":"2019-06-14T15:14:17","date_gmt":"2019-06-14T19:14:17","guid":{"rendered":"https:\/\/linitiative.ca\/International\/international-fc-porto-everton-noublie-pas-brahimi\/"},"modified":"2019-06-14T15:14:17","modified_gmt":"2019-06-14T19:14:17","slug":"international-fc-porto-everton-noublie-pas-brahimi","status":"publish","type":"post","link":"https:\/\/linitiative.ca\/International\/international-fc-porto-everton-noublie-pas-brahimi\/","title":{"rendered":"International : FC Porto: Everton n&rsquo;oublie pas Brahimi"},"content":{"rendered":"<div readability=\"32\">\n<p>Auteur : <span class=\"time\">vendredi 14 juin 2019 15:12<\/span><\/p>\n<\/div>\n<div id=\"post_core\" readability=\"50\">\n<p>Retenu par Djamel Belmadi pour disputer la CAN (21 juin &#8211; 19 juillet) avec l&rsquo;Alg\u00e9rie, Yacine Brahimi doit composer avec son avenir en club. En fin de contrat apr\u00e8s cinq saisons au FC Porto, le milieu offensif de 29 ans va donner un nouvel \u00e9lan \u00e0 sa carri\u00e8re dans les prochaines semaines. Jeudi, c&rsquo;est l&rsquo;Olympique de Marseille qui \u00e9tait cit\u00e9 parmi les pr\u00e9tendants. Pourtant, d&rsquo;apr\u00e8s Goal, l&rsquo;OM n&rsquo;a pris aucun contact pour le moment avec le joueur et son entourage. \u00ab\u00a0\u00c7a n&rsquo;a jamais \u00e9t\u00e9 une option\u00a0\u00bb, pr\u00e9cise pour Goal une source proche du dossier. La saison derni\u00e8re, Yacine Brahimi s&rsquo;est illustr\u00e9 en marquant 10 buts en 32 matches de Liga NOS, soit son meilleur total depuis son arriv\u00e9e dans le Championnat portugais en 2014, en provenance de Grenade (Espagne). Et aujourd&rsquo;hui, son avenir semble se dessiner loin du Sud de la France. Toujours selon Goal, la priorit\u00e9 de l&rsquo;ancien Rennais est plut\u00f4t donn\u00e9e \u00e0 l&rsquo;Angleterre et l&rsquo;Italie. Il se verrait bien jouer en Premier League et ne cache pas en priv\u00e9 qu&rsquo;il souhaiterait, dans la mesure du possible, \u00eatre fix\u00e9 avant le d\u00e9but de la Coupe d&rsquo;Afrique des Nations. Des discussions existent toujours avec Everton, huiti\u00e8me de Premier League la saison derni\u00e8re. Int\u00e9ress\u00e9s de longue date, les Toffees ne d\u00e9sesp\u00e8rent pas de le faire signer. Deux autres clubs anglais et un club italien ont aussi pris des renseignements.<\/p>\n<p><strong>Publi\u00e9 dans :<\/strong> <span>Brahimi<\/span><\/p>\n<\/div>\n<p>Auteur:<br \/>\n<a href=\"http:\/\/www.lebuteur.com\/article\/detail?titre=fc-porto-everton-noublie-pas-brahimi&#038;id=89582&#038;utm_source=feedburner&#038;utm_medium=feed&#038;utm_campaign=Feed%3A+GalerieFArtciles+%28Les+derniers+articles++-+lebuteur.com%29\">Cliquez ici pour lire l&rsquo;article depuis sa source.<\/a><\/p>\n","protected":false},"excerpt":{"rendered":"<p>Auteur : vendredi 14 juin 2019 15:12 Retenu par Djamel Belmadi pour disputer la CAN (21 juin &#8211; 19 juillet) avec l&rsquo;Alg\u00e9rie, Yacine Brahimi doit composer avec son avenir en club. En fin de contrat apr\u00e8s cinq saisons au FC Porto, le milieu offensif de 29 ans va donner un nouvel \u00e9lan \u00e0 sa carri\u00e8re [&hellip;]<\/p>\n","protected":false},"author":1738,"featured_media":40577,"comment_status":"closed","ping_status":"closed","sticky":false,"template":"","format":"standard","meta":{"fifu_image_url":"","fifu_image_alt":"","footnotes":""},"categories":[53,75],"tags":[],"class_list":["post-40576","post","type-post","status-publish","format-standard","has-post-thumbnail","hentry","category-algerie","category-sport"],"_links":{"self":[{"href":"https:\/\/linitiative.ca\/International\/wp-json\/wp\/v2\/posts\/40576","targetHints":{"allow":["GET"]}}],"collection":[{"href":"https:\/\/linitiative.ca\/International\/wp-json\/wp\/v2\/posts"}],"about":[{"href":"https:\/\/linitiative.ca\/International\/wp-json\/wp\/v2\/types\/post"}],"author":[{"embeddable":true,"href":"https:\/\/linitiative.ca\/International\/wp-json\/wp\/v2\/users\/1738"}],"replies":[{"embeddable":true,"href":"https:\/\/linitiative.ca\/International\/wp-json\/wp\/v2\/comments?post=40576"}],"version-history":[{"count":0,"href":"https:\/\/linitiative.ca\/International\/wp-json\/wp\/v2\/posts\/40576\/revisions"}],"wp:featuredmedia":[{"embeddable":true,"href":"https:\/\/linitiative.ca\/International\/wp-json\/"}],"wp:attachment":[{"href":"https:\/\/linitiative.ca\/International\/wp-json\/wp\/v2\/media?parent=40576"}],"wp:term":[{"taxonomy":"category","embeddable":true,"href":"https:\/\/linitiative.ca\/International\/wp-json\/wp\/v2\/categories?post=40576"},{"taxonomy":"post_tag","embeddable":true,"href":"https:\/\/linitiative.ca\/International\/wp-json\/wp\/v2\/tags?post=40576"}],"curies":[{"name":"wp","href":"https:\/\/api.w.org\/{rel}","templated":true}]}}