{"id":40589,"date":"2019-06-14T15:30:00","date_gmt":"2019-06-14T19:30:00","guid":{"rendered":"https:\/\/linitiative.ca\/International\/le-general-hamel-convoque-comme-temoin\/"},"modified":"2019-06-14T15:30:00","modified_gmt":"2019-06-14T19:30:00","slug":"le-general-hamel-convoque-comme-temoin","status":"publish","type":"post","link":"https:\/\/linitiative.ca\/International\/le-general-hamel-convoque-comme-temoin\/","title":{"rendered":"Le g\u00e9n\u00e9ral Hamel convoqu\u00e9 comme t\u00e9moin"},"content":{"rendered":"<p><br id=\"sep_para_1\" class=\"sep_para access\"\/><\/p>\n<div id=\"para_1\" class=\"para_31719124 resize\">\n<div class=\"texte access firstletter\">L\u2019ex-DGSN, le g\u00e9n\u00e9ral Abdelghani Hamel est convoqu\u00e9 au tribunal de Blida, dimanche 16 juin, comme t\u00e9moin dans l\u2019affaire de l\u2019ancien chef de la s\u00fbret\u00e9 de la wilaya d\u2019Alger Nourredine Berrachedi, a-t-on appris de sources concordantes. Le 3 juin, Berrachedi a \u00e9t\u00e9 plac\u00e9 sous mandat de d\u00e9p\u00f4t, \u00e0 l\u2019issue d\u2019une longue audition par le juge d\u2019instruction du tribunal de Blida, selon plusieurs m\u00e9dias. Il est poursuivi notamment dans l\u2019affaire dite \u00ab El Bouchi \u00bb, relative \u00e0 la saisie d\u2019une importante quantit\u00e9 de coca\u00efne au port d\u2019Oran fin mai 2018.<\/div>\n<\/div>\n<p>Auteur: R\u00e9flexion<br \/>\n<a href=\"https:\/\/www.reflexiondz.net\/Le-general-Hamel-convoque-comme-temoin_a56178.html\">Cliquez ici pour lire l&rsquo;article depuis sa source.<\/a><\/p>\n","protected":false},"excerpt":{"rendered":"<p>L\u2019ex-DGSN, le g\u00e9n\u00e9ral Abdelghani Hamel est convoqu\u00e9 au tribunal de Blida, dimanche 16 juin, comme t\u00e9moin dans l\u2019affaire de l\u2019ancien chef de la s\u00fbret\u00e9 de la wilaya d\u2019Alger Nourredine Berrachedi, a-t-on appris de sources concordantes. Le 3 juin, Berrachedi a \u00e9t\u00e9 plac\u00e9 sous mandat de d\u00e9p\u00f4t, \u00e0 l\u2019issue d\u2019une longue audition par le juge d\u2019instruction [&hellip;]<\/p>\n","protected":false},"author":1740,"featured_media":0,"comment_status":"closed","ping_status":"closed","sticky":false,"template":"","format":"standard","meta":{"fifu_image_url":"","fifu_image_alt":"","footnotes":""},"categories":[53,76],"tags":[],"class_list":["post-40589","post","type-post","status-publish","format-standard","hentry","category-algerie","category-regions"],"_links":{"self":[{"href":"https:\/\/linitiative.ca\/International\/wp-json\/wp\/v2\/posts\/40589","targetHints":{"allow":["GET"]}}],"collection":[{"href":"https:\/\/linitiative.ca\/International\/wp-json\/wp\/v2\/posts"}],"about":[{"href":"https:\/\/linitiative.ca\/International\/wp-json\/wp\/v2\/types\/post"}],"author":[{"embeddable":true,"href":"https:\/\/linitiative.ca\/International\/wp-json\/wp\/v2\/users\/1740"}],"replies":[{"embeddable":true,"href":"https:\/\/linitiative.ca\/International\/wp-json\/wp\/v2\/comments?post=40589"}],"version-history":[{"count":0,"href":"https:\/\/linitiative.ca\/International\/wp-json\/wp\/v2\/posts\/40589\/revisions"}],"wp:attachment":[{"href":"https:\/\/linitiative.ca\/International\/wp-json\/wp\/v2\/media?parent=40589"}],"wp:term":[{"taxonomy":"category","embeddable":true,"href":"https:\/\/linitiative.ca\/International\/wp-json\/wp\/v2\/categories?post=40589"},{"taxonomy":"post_tag","embeddable":true,"href":"https:\/\/linitiative.ca\/International\/wp-json\/wp\/v2\/tags?post=40589"}],"curies":[{"name":"wp","href":"https:\/\/api.w.org\/{rel}","templated":true}]}}