{"id":40590,"date":"2019-06-14T15:30:00","date_gmt":"2019-06-14T19:30:00","guid":{"rendered":"https:\/\/linitiative.ca\/International\/transport-4000-postes-ouverts-prochainement-dans-le-secteur\/"},"modified":"2019-06-14T15:30:00","modified_gmt":"2019-06-14T19:30:00","slug":"transport-4000-postes-ouverts-prochainement-dans-le-secteur","status":"publish","type":"post","link":"https:\/\/linitiative.ca\/International\/transport-4000-postes-ouverts-prochainement-dans-le-secteur\/","title":{"rendered":"TRANSPORT : 4000 postes ouverts prochainement dans le secteur"},"content":{"rendered":"<p><br id=\"sep_para_1\" class=\"sep_para access\"\/><\/p>\n<div id=\"para_1\" class=\"para_31719116 resize\">\n<div class=\"texte access firstletter\">Apr\u00e8s l\u2019emprisonnement de Mahieddine Tahkout, le secteur du transport envisage\u00a0 de nouvelles mesures, qui\u00a0 sont attendues dans les semaines \u00e0 venir dans le Transport urbain et suburbain, semble avoir d\u00e9cid\u00e9 de sortir de son hibernation qui aura dur\u00e9 plusieurs ann\u00e9es\u2026 Ainsi, apr\u00e8s avoir abandonn\u00e9 l\u2019organisation, la gestion, le mat\u00e9riel, la logistique entre les mains d\u2019un seul homme, l\u2019occasion est donn\u00e9e au personnel de ce segment strat\u00e9gique de faire ses preuves. Selon des indiscr\u00e9tions \u00e9manant de la derni\u00e8re r\u00e9union interminist\u00e9rielle, le secteur envisage, entre autres, le d\u00e9gel de pas moins de 4053 postes d\u2019 \u00ab agents d\u2019entretien \u00bb qui faisaient l\u2019objet d\u2019un incompr\u00e9hensible blocage, alors m\u00eame que les postes budg\u00e9taires existent. Dans cet ordre d\u2019id\u00e9es, de nouvelles dispositions sont attendues pour revoir les conditions pour postuler \u00e0 ce type d\u2019emploi. Selon les recommandations, indiquent nos sources : les conditions d\u2019acc\u00e8s \u00e0 cet emploi doivent\u00a0 \u00eatre assouplies. D\u2019autres mesures ont \u00e0 l\u2019occasion de cette r\u00e9union \u00e9t\u00e9 \u00e9voqu\u00e9es parmi lesquelles :La mise sous tutelle des Walis les entreprises publiques de transport urbain et suburbain. Mais \u00e9galement la mise en \u0153uvre de m\u00e9canismes pour concr\u00e9tiser une v\u00e9ritable d\u00e9centralisation au niveau des entreprises de Transport.\u00a0\u00a0\u00a0\u00a0\u00a0<\/div>\n<\/div>\n<p>Auteur: Nadine<br \/>\n<a href=\"https:\/\/www.reflexiondz.net\/TRANSPORT-4000-postes-ouverts-prochainement-dans-le-secteur_a56177.html\">Cliquez ici pour lire l&rsquo;article depuis sa source.<\/a><\/p>\n","protected":false},"excerpt":{"rendered":"<p>Apr\u00e8s l\u2019emprisonnement de Mahieddine Tahkout, le secteur du transport envisage\u00a0 de nouvelles mesures, qui\u00a0 sont attendues dans les semaines \u00e0 venir dans le Transport urbain et suburbain, semble avoir d\u00e9cid\u00e9 de sortir de son hibernation qui aura dur\u00e9 plusieurs ann\u00e9es\u2026 Ainsi, apr\u00e8s avoir abandonn\u00e9 l\u2019organisation, la gestion, le mat\u00e9riel, la logistique entre les mains d\u2019un [&hellip;]<\/p>\n","protected":false},"author":1740,"featured_media":0,"comment_status":"closed","ping_status":"closed","sticky":false,"template":"","format":"standard","meta":{"fifu_image_url":"","fifu_image_alt":"","footnotes":""},"categories":[53,76],"tags":[],"class_list":["post-40590","post","type-post","status-publish","format-standard","hentry","category-algerie","category-regions"],"_links":{"self":[{"href":"https:\/\/linitiative.ca\/International\/wp-json\/wp\/v2\/posts\/40590","targetHints":{"allow":["GET"]}}],"collection":[{"href":"https:\/\/linitiative.ca\/International\/wp-json\/wp\/v2\/posts"}],"about":[{"href":"https:\/\/linitiative.ca\/International\/wp-json\/wp\/v2\/types\/post"}],"author":[{"embeddable":true,"href":"https:\/\/linitiative.ca\/International\/wp-json\/wp\/v2\/users\/1740"}],"replies":[{"embeddable":true,"href":"https:\/\/linitiative.ca\/International\/wp-json\/wp\/v2\/comments?post=40590"}],"version-history":[{"count":0,"href":"https:\/\/linitiative.ca\/International\/wp-json\/wp\/v2\/posts\/40590\/revisions"}],"wp:attachment":[{"href":"https:\/\/linitiative.ca\/International\/wp-json\/wp\/v2\/media?parent=40590"}],"wp:term":[{"taxonomy":"category","embeddable":true,"href":"https:\/\/linitiative.ca\/International\/wp-json\/wp\/v2\/categories?post=40590"},{"taxonomy":"post_tag","embeddable":true,"href":"https:\/\/linitiative.ca\/International\/wp-json\/wp\/v2\/tags?post=40590"}],"curies":[{"name":"wp","href":"https:\/\/api.w.org\/{rel}","templated":true}]}}