{"id":40592,"date":"2019-06-14T15:30:00","date_gmt":"2019-06-14T19:30:00","guid":{"rendered":"https:\/\/linitiative.ca\/International\/tissemsilt-des-citoyens-observent-un-sit-in-devant-la-daira\/"},"modified":"2019-06-14T15:30:00","modified_gmt":"2019-06-14T19:30:00","slug":"tissemsilt-des-citoyens-observent-un-sit-in-devant-la-daira","status":"publish","type":"post","link":"https:\/\/linitiative.ca\/International\/tissemsilt-des-citoyens-observent-un-sit-in-devant-la-daira\/","title":{"rendered":"TISSEMSILT : Des citoyens observent   un sit-in devant la da\u00efra"},"content":{"rendered":"<p><br id=\"sep_para_1\" class=\"sep_para access\"\/><\/p>\n<div id=\"para_1\" class=\"para_31719066 resize\">\n<div class=\"texte access firstletter\">Ils \u00e9taient un peu pr\u00e8s d\u2019une centaine de personnes inscrites et postulantes de logements entrant dans le cadre des logements sociaux dans la ville de Tissemsilt mais sans pouvoir r\u00e9ellement en b\u00e9n\u00e9ficier et encore plus sans explication logique sur ce retard, qui se sont rassembl\u00e9s en cette fin de semaine devant le si\u00e8ge de la da\u00efra pour apparemment tenter d\u2019attirer encore une fois l\u2019attention des responsables locaux et faire aboutir leurs revendications qui se r\u00e9sument en tout en l\u2019\u00e9tude des dossiers, qui selon certains m\u00e9contents, durent depuis neuf ans. Les protestataires avaient investi le hall et l\u2019\u00e9tage sup\u00e9rieur du si\u00e8ge de la da\u00efra en tentant d\u2019approcher les responsables pour leur exposer l\u2019\u00e9tat du flou qui enveloppe cette affaire depuis des ann\u00e9es et d\u00e9clarent avoir transmis ces pr\u00e9occupations sur la situation tout en arrachant la promesse qu\u2019une op\u00e9ration d\u2019\u00e9tude des dossiers sera effectu\u00e9e dans un d\u00e9lai ne d\u00e9passant pas la date du 12 juillet prochain. A partir de cette conclusion, ces protestataires qui se sont regroup\u00e9s devant le si\u00e8ge de la da\u00efra se veulent d\u00e9cid\u00e9s de faire entendre leur voix au wali de qui, ils esp\u00e8rent une implication directe. A rappeler enfin que les protestataires se sont dispers\u00e9s dans le calme sans qu\u2019aucun incident ne soit d\u00e9clar\u00e9.\u00a0<\/div>\n<\/div>\n<p>Auteur: A.Ould El Hadri<br \/>\n<a href=\"https:\/\/www.reflexiondz.net\/TISSEMSILT-Des-citoyens-observent-un-sit-in-devant-la-daira_a56171.html\">Cliquez ici pour lire l&rsquo;article depuis sa source.<\/a><\/p>\n","protected":false},"excerpt":{"rendered":"<p>Ils \u00e9taient un peu pr\u00e8s d\u2019une centaine de personnes inscrites et postulantes de logements entrant dans le cadre des logements sociaux dans la ville de Tissemsilt mais sans pouvoir r\u00e9ellement en b\u00e9n\u00e9ficier et encore plus sans explication logique sur ce retard, qui se sont rassembl\u00e9s en cette fin de semaine devant le si\u00e8ge de la [&hellip;]<\/p>\n","protected":false},"author":1740,"featured_media":0,"comment_status":"closed","ping_status":"closed","sticky":false,"template":"","format":"standard","meta":{"fifu_image_url":"","fifu_image_alt":"","footnotes":""},"categories":[53,76],"tags":[],"class_list":["post-40592","post","type-post","status-publish","format-standard","hentry","category-algerie","category-regions"],"_links":{"self":[{"href":"https:\/\/linitiative.ca\/International\/wp-json\/wp\/v2\/posts\/40592","targetHints":{"allow":["GET"]}}],"collection":[{"href":"https:\/\/linitiative.ca\/International\/wp-json\/wp\/v2\/posts"}],"about":[{"href":"https:\/\/linitiative.ca\/International\/wp-json\/wp\/v2\/types\/post"}],"author":[{"embeddable":true,"href":"https:\/\/linitiative.ca\/International\/wp-json\/wp\/v2\/users\/1740"}],"replies":[{"embeddable":true,"href":"https:\/\/linitiative.ca\/International\/wp-json\/wp\/v2\/comments?post=40592"}],"version-history":[{"count":0,"href":"https:\/\/linitiative.ca\/International\/wp-json\/wp\/v2\/posts\/40592\/revisions"}],"wp:attachment":[{"href":"https:\/\/linitiative.ca\/International\/wp-json\/wp\/v2\/media?parent=40592"}],"wp:term":[{"taxonomy":"category","embeddable":true,"href":"https:\/\/linitiative.ca\/International\/wp-json\/wp\/v2\/categories?post=40592"},{"taxonomy":"post_tag","embeddable":true,"href":"https:\/\/linitiative.ca\/International\/wp-json\/wp\/v2\/tags?post=40592"}],"curies":[{"name":"wp","href":"https:\/\/api.w.org\/{rel}","templated":true}]}}