{"id":40594,"date":"2019-06-14T15:30:00","date_gmt":"2019-06-14T19:30:00","guid":{"rendered":"https:\/\/linitiative.ca\/International\/lextension-remise-aux-calendes-grecques-le-cimetiere-dain-beida-totalement-sature\/"},"modified":"2019-06-14T15:30:00","modified_gmt":"2019-06-14T19:30:00","slug":"lextension-remise-aux-calendes-grecques-le-cimetiere-dain-beida-totalement-sature","status":"publish","type":"post","link":"https:\/\/linitiative.ca\/International\/lextension-remise-aux-calendes-grecques-le-cimetiere-dain-beida-totalement-sature\/","title":{"rendered":"L&rsquo;EXTENSION REMISE AUX CALENDES GRECQUES : Le cimeti\u00e8re d\u2019Ain Beida totalement satur\u00e9 !"},"content":{"rendered":"<p><br id=\"sep_para_1\" class=\"sep_para access\"\/><\/p>\n<div id=\"para_1\" class=\"para_31719042 resize\">\n<div class=\"texte access firstletter\">Le cimeti\u00e8re enregistre 25 inhumations par jour, et la priorit\u00e9 est donn\u00e9e au cimeti\u00e8re d&rsquo;A\u00efn El Be\u00efda encore ouvert pour les inhumations contrairement aux deux autres qui sont satur\u00e9s et le droit \u00e0 l&rsquo;enterrement n&rsquo;est possible que par d\u00e9rogation exceptionnelle. Chaque jour que Dieu le sait, le cort\u00e8ge qui accompagne le d\u00e9funt \u00e0 sa derni\u00e8re demeure, place les v\u00e9hicules \u00e0 proximit\u00e9 du lieu de l&rsquo;enterrement. Ce qui bloque la circulation et cr\u00e9e un encombrement sur le site. \u00abNous essayons toujours d&rsquo;expliquer aux familles de laisser leurs v\u00e9hicules dehors\u00bb, nous a affirm\u00e9 le responsable, \u00abmais l&rsquo;intervention de nos agents de s\u00e9curit\u00e9 est g\u00e9n\u00e9ralement mal interpr\u00e9t\u00e9e par les citoyens et conduit souvent \u00e0 des actes de violence. Pour \u00e9viter que la situation ne d\u00e9g\u00e9n\u00e8re, nous avons instruit nos agents de ne plus intervenir au moment des enterrements\u00bb. Concernant, d&rsquo;autre\u00a0 part, tous les projets d&rsquo;extension du cimeti\u00e8re vu que l&rsquo;actuel site est sur le point d&rsquo;afficher complet, tout a \u00e9t\u00e9 mis en veilleuse \u00e0 cause d&rsquo;un probl\u00e8me de budget. Le manque de recouvrement pour la commune d&rsquo;Oran \u00e0 l&rsquo;instar des autres communes de la wilaya se r\u00e9percute automatiquement sur tous les projets inscrits. Ce manque de ressources et par cons\u00e9quent de liquidit\u00e9s entrave s\u00e9rieusement l&rsquo;avancement des projets de la commune. Apr\u00e8s les instructions du wali d&rsquo;Oran de renflouer les caisses des APC, la r\u00e9gie esp\u00e8re que la situation se d\u00e9bloque pour lancer le projet d&rsquo;extension du cimeti\u00e8re avant la saturation de l&rsquo;ancien. Rappelons que le cimeti\u00e8re d&rsquo;A\u00efn El Be\u00efda a \u00e9t\u00e9 ouvert en 1956 sur une superficie de 140 hectares. Sa premi\u00e8re extension date de 1986 et a \u00e9t\u00e9 suivie d&rsquo;une deuxi\u00e8me op\u00e9ration en 2008, et depuis aucune op\u00e9ration n\u2019a \u00e9t\u00e9 lanc\u00e9e.<\/div>\n<\/div>\n<p>Auteur: Habib Medjadji<br \/>\n<a href=\"https:\/\/www.reflexiondz.net\/L-EXTENSION-REMISE-AUX-CALENDES-GRECQUES-Le-cimetiere-d-Ain-Beida-totalement-sature-_a56169.html\">Cliquez ici pour lire l&rsquo;article depuis sa source.<\/a><\/p>\n","protected":false},"excerpt":{"rendered":"<p>Le cimeti\u00e8re enregistre 25 inhumations par jour, et la priorit\u00e9 est donn\u00e9e au cimeti\u00e8re d&rsquo;A\u00efn El Be\u00efda encore ouvert pour les inhumations contrairement aux deux autres qui sont satur\u00e9s et le droit \u00e0 l&rsquo;enterrement n&rsquo;est possible que par d\u00e9rogation exceptionnelle. Chaque jour que Dieu le sait, le cort\u00e8ge qui accompagne le d\u00e9funt \u00e0 sa derni\u00e8re [&hellip;]<\/p>\n","protected":false},"author":1740,"featured_media":0,"comment_status":"closed","ping_status":"closed","sticky":false,"template":"","format":"standard","meta":{"fifu_image_url":"","fifu_image_alt":"","footnotes":""},"categories":[53,76],"tags":[],"class_list":["post-40594","post","type-post","status-publish","format-standard","hentry","category-algerie","category-regions"],"_links":{"self":[{"href":"https:\/\/linitiative.ca\/International\/wp-json\/wp\/v2\/posts\/40594","targetHints":{"allow":["GET"]}}],"collection":[{"href":"https:\/\/linitiative.ca\/International\/wp-json\/wp\/v2\/posts"}],"about":[{"href":"https:\/\/linitiative.ca\/International\/wp-json\/wp\/v2\/types\/post"}],"author":[{"embeddable":true,"href":"https:\/\/linitiative.ca\/International\/wp-json\/wp\/v2\/users\/1740"}],"replies":[{"embeddable":true,"href":"https:\/\/linitiative.ca\/International\/wp-json\/wp\/v2\/comments?post=40594"}],"version-history":[{"count":0,"href":"https:\/\/linitiative.ca\/International\/wp-json\/wp\/v2\/posts\/40594\/revisions"}],"wp:attachment":[{"href":"https:\/\/linitiative.ca\/International\/wp-json\/wp\/v2\/media?parent=40594"}],"wp:term":[{"taxonomy":"category","embeddable":true,"href":"https:\/\/linitiative.ca\/International\/wp-json\/wp\/v2\/categories?post=40594"},{"taxonomy":"post_tag","embeddable":true,"href":"https:\/\/linitiative.ca\/International\/wp-json\/wp\/v2\/tags?post=40594"}],"curies":[{"name":"wp","href":"https:\/\/api.w.org\/{rel}","templated":true}]}}