{"id":40595,"date":"2019-06-14T15:30:00","date_gmt":"2019-06-14T19:30:00","guid":{"rendered":"https:\/\/linitiative.ca\/International\/lheure-est-elle-a-la-joie\/"},"modified":"2019-06-14T15:30:00","modified_gmt":"2019-06-14T19:30:00","slug":"lheure-est-elle-a-la-joie","status":"publish","type":"post","link":"https:\/\/linitiative.ca\/International\/lheure-est-elle-a-la-joie\/","title":{"rendered":"L\u2019heure est-elle  \u00e0 la joie ?"},"content":{"rendered":"<p><br id=\"sep_para_1\" class=\"sep_para access\"\/><\/p>\n<div id=\"para_1\" class=\"para_31719111 resize\">\n<div class=\"texte access firstletter\">Les citoyens sont sortis manifester leur joie et scander des slogans contre l\u2019ancien Premier ministre et la \u00abIssaba\u00bb. Ils ont exig\u00e9 que d\u2019autres responsables, accus\u00e9s de corruption et de dilapidation des derniers publics soient jug\u00e9s et emprisonn\u00e9s. Sur les r\u00e9seaux sociaux, les commentaires ont carr\u00e9ment descendu en flammes Ouyahia qui est honni par les Alg\u00e9riens. Un internaute a fait observer que Ouyahia \u00e9tait rentr\u00e9 \u00e0 la Cour supr\u00eame dans sa voiture Skoda, pour sortir dans un fourgon Mercedes \u00e0 destination de la prison d\u2019El Harrach. Dans un autre commentaire, on peut lire \u00abqu\u2019il m\u00e9rite d\u2019\u00eatre enferm\u00e9 avec des rats et des serpents\u00bb, alors que d\u2019autres ont ironis\u00e9 que \u00abOuyahia sera priv\u00e9 de yaourt en prison\u00bb. Plus loin, un internaute ironise : \u00abDor\u00e9navant, le peuple alg\u00e9rien pourra manger du yaourt sans \u00eatre r\u00e9ellement inqui\u00e9t\u00e9 par Ouyahia\u00bb.\u00a0 Apr\u00e8s avoir souhait\u00e9 \u00abun long s\u00e9jour en prison \u00e0 Ouyahia\u00bb, un autre internaute\u00a0 a rappel\u00e9 que \u00ab Ouyahia est rattrap\u00e9 par le cours de l\u2019Histoire puisqu\u2019il a fini en prison apr\u00e8s avoir jet\u00e9 des cadres en prison dans les ann\u00e9es 1990\u00bb. Pour plusieurs internautes, il s\u2019agit \u00ab d\u2019une grande satisfaction morale pour les Alg\u00e9riens\u00bb,\u00a0 relevant que \u00abcette journ\u00e9e doit se f\u00eater par une tourn\u00e9e de yaourt\u00bb. Et dire que Ouyahia ambitionnait de devenir pr\u00e9sident de la R\u00e9publique ! \u00abGloire au peuple alg\u00e9rien sans lequel l\u2019Arm\u00e9e n\u2019aurait os\u00e9 entreprendre cet assainissement \u00bb. C\u2019est avec ces propos que s\u2019est exprim\u00e9 l\u2019ex ministre et pr\u00e9sident de Nida El Watan, Ali Benouari, sur l\u2019arrestation de l\u2019ex premier ministre Ahmed Ouyahia. Il a rappel\u00e9 \u00e9galement qu\u2019il \u00e9tait en conflit avec Ahmed Ouyahia depuis 1994. \u00ab J\u2019ai toujours dit qu\u2019Ouyahia ne peut pas diriger un pays. Il a fait de moi et des citoyens r\u00e9sidents \u00e0 l\u2019\u00e9tranger de seconde zone \u00bb, a-t-il d\u00e9clar\u00e9.<\/div>\n<\/div>\n<p>Auteur: Ismain<br \/>\n<a href=\"https:\/\/www.reflexiondz.net\/L-heure-est-elle-a-la-joie_a56176.html\">Cliquez ici pour lire l&rsquo;article depuis sa source.<\/a><\/p>\n","protected":false},"excerpt":{"rendered":"<p>Les citoyens sont sortis manifester leur joie et scander des slogans contre l\u2019ancien Premier ministre et la \u00abIssaba\u00bb. Ils ont exig\u00e9 que d\u2019autres responsables, accus\u00e9s de corruption et de dilapidation des derniers publics soient jug\u00e9s et emprisonn\u00e9s. Sur les r\u00e9seaux sociaux, les commentaires ont carr\u00e9ment descendu en flammes Ouyahia qui est honni par les Alg\u00e9riens. [&hellip;]<\/p>\n","protected":false},"author":1740,"featured_media":0,"comment_status":"closed","ping_status":"closed","sticky":false,"template":"","format":"standard","meta":{"fifu_image_url":"","fifu_image_alt":"","footnotes":""},"categories":[53,76],"tags":[],"class_list":["post-40595","post","type-post","status-publish","format-standard","hentry","category-algerie","category-regions"],"_links":{"self":[{"href":"https:\/\/linitiative.ca\/International\/wp-json\/wp\/v2\/posts\/40595","targetHints":{"allow":["GET"]}}],"collection":[{"href":"https:\/\/linitiative.ca\/International\/wp-json\/wp\/v2\/posts"}],"about":[{"href":"https:\/\/linitiative.ca\/International\/wp-json\/wp\/v2\/types\/post"}],"author":[{"embeddable":true,"href":"https:\/\/linitiative.ca\/International\/wp-json\/wp\/v2\/users\/1740"}],"replies":[{"embeddable":true,"href":"https:\/\/linitiative.ca\/International\/wp-json\/wp\/v2\/comments?post=40595"}],"version-history":[{"count":0,"href":"https:\/\/linitiative.ca\/International\/wp-json\/wp\/v2\/posts\/40595\/revisions"}],"wp:attachment":[{"href":"https:\/\/linitiative.ca\/International\/wp-json\/wp\/v2\/media?parent=40595"}],"wp:term":[{"taxonomy":"category","embeddable":true,"href":"https:\/\/linitiative.ca\/International\/wp-json\/wp\/v2\/categories?post=40595"},{"taxonomy":"post_tag","embeddable":true,"href":"https:\/\/linitiative.ca\/International\/wp-json\/wp\/v2\/tags?post=40595"}],"curies":[{"name":"wp","href":"https:\/\/api.w.org\/{rel}","templated":true}]}}