{"id":40596,"date":"2019-06-14T15:30:00","date_gmt":"2019-06-14T19:30:00","guid":{"rendered":"https:\/\/linitiative.ca\/International\/17eme-vendredi-du-mouvement-populaire-les-manifestants-insistent-sur-le-depart-des-3b\/"},"modified":"2019-06-14T15:30:00","modified_gmt":"2019-06-14T19:30:00","slug":"17eme-vendredi-du-mouvement-populaire-les-manifestants-insistent-sur-le-depart-des-3b","status":"publish","type":"post","link":"https:\/\/linitiative.ca\/International\/17eme-vendredi-du-mouvement-populaire-les-manifestants-insistent-sur-le-depart-des-3b\/","title":{"rendered":"17EME VENDREDI DU MOUVEMENT POPULAIRE   : Les manifestants  insistent sur le d\u00e9part des \u2018\u20193B\u2019\u2019"},"content":{"rendered":"<p><br id=\"sep_para_1\" class=\"sep_para access\"\/><\/p>\n<div id=\"para_1\" class=\"para_31719107 resize\">\n<div class=\"texte access firstletter\">Ce 17\u00e8me vendredi de mobilisation intervient au lendemain d&rsquo;un important d\u00e9veloppement dans la traduction devant la justice de hauts responsables et de richissimes hommes d&rsquo;affaires de l&rsquo;\u00e8re du pr\u00e9sident d\u00e9chu Abdelaziz Bouteflika. En effet, les Alg\u00e9riennes et les Alg\u00e9riens avaient les yeux braqu\u00e9s mercredi et jeudi sur la cour supr\u00eame d&rsquo;o\u00f9 deux anciens premiers ministres Abdelmalek Sellal et Ahmed Ouyahia et l&rsquo;ancien ministre du commerce Amara Benyounes sont ressortis dans des fourgons cellulaires pour \u00eatre transf\u00e9r\u00e9s vers la prison d&rsquo;El-Harrach.\u00a0 Au cours de cet \u00e9ni\u00e8me vendredi de la contestation populaire contre le r\u00e9gime, les Alg\u00e9riens ont r\u00e9pondu \u00e0 cette purge contre les corrompus parmi les responsables et les hommes d\u2019affaires. La r\u00e9ponse des Alg\u00e9riens \u00e9tait la satisfaction, mais, demande encore plus : Le d\u00e9part de tout le syst\u00e8me et de ses figures. En somme, une revendication qui est exprim\u00e9e depuis le d\u00e9but du mouvement le 22 f\u00e9vrier dernier. Les Alg\u00e9riens, ont r\u00e9it\u00e9r\u00e9\u00a0 encore hier, leurs revendications, qui consistent en une p\u00e9riode de transition, le refus de tout dialogue avec les \u00ab 3 B \u00bb, le changement radical, en scandant et brandissant les slogans hostiles au pouvoir et favorables \u00e0 une Alg\u00e9rie libre et d\u00e9mocratique : \u00ab Yetnahaw Ga3 \u00bb. L&rsquo;ampleur de la corruption dans le pays est sur toutes les l\u00e8vres. Mais les politiques et les animateurs du mouvement populaire rappellent que cela ne doit en aucun d\u00e9tourner le peuple de son combat principal qui reste la chute du r\u00e9gime qui a enfant\u00e9 ces corrompus et le d\u00e9part de toutes ses figures. Les manifestants les appellent \u00e0 d\u00e9gager, \u00e0 partir sans qu\u2019elles n\u2019entendent ces milliers de voix, voire ces millions de voix. La politique de l\u2019autruche et le pari sur l\u2019essoufflement de ce vaste et ininterrompu \u00e9lan populaire salvateur sont d\u2019ores et d\u00e9j\u00e0 vou\u00e9s \u00e0 l\u2019\u00e9chec, un \u00e9chec cuisant. La volont\u00e9 du peuple fait briser les cha\u00eenes de l\u2019injustice et de l\u2019oppression.<\/div>\n<\/div>\n<p>Auteur: Ismain<br \/>\n<a href=\"https:\/\/www.reflexiondz.net\/17EME-VENDREDI-DU-MOUVEMENT-POPULAIRE-Les-manifestants-insistent-sur-le-depart-des-3B_a56175.html\">Cliquez ici pour lire l&rsquo;article depuis sa source.<\/a><\/p>\n","protected":false},"excerpt":{"rendered":"<p>Ce 17\u00e8me vendredi de mobilisation intervient au lendemain d&rsquo;un important d\u00e9veloppement dans la traduction devant la justice de hauts responsables et de richissimes hommes d&rsquo;affaires de l&rsquo;\u00e8re du pr\u00e9sident d\u00e9chu Abdelaziz Bouteflika. En effet, les Alg\u00e9riennes et les Alg\u00e9riens avaient les yeux braqu\u00e9s mercredi et jeudi sur la cour supr\u00eame d&rsquo;o\u00f9 deux anciens premiers ministres [&hellip;]<\/p>\n","protected":false},"author":1740,"featured_media":0,"comment_status":"closed","ping_status":"closed","sticky":false,"template":"","format":"standard","meta":{"fifu_image_url":"","fifu_image_alt":"","footnotes":""},"categories":[53,76],"tags":[],"class_list":["post-40596","post","type-post","status-publish","format-standard","hentry","category-algerie","category-regions"],"_links":{"self":[{"href":"https:\/\/linitiative.ca\/International\/wp-json\/wp\/v2\/posts\/40596","targetHints":{"allow":["GET"]}}],"collection":[{"href":"https:\/\/linitiative.ca\/International\/wp-json\/wp\/v2\/posts"}],"about":[{"href":"https:\/\/linitiative.ca\/International\/wp-json\/wp\/v2\/types\/post"}],"author":[{"embeddable":true,"href":"https:\/\/linitiative.ca\/International\/wp-json\/wp\/v2\/users\/1740"}],"replies":[{"embeddable":true,"href":"https:\/\/linitiative.ca\/International\/wp-json\/wp\/v2\/comments?post=40596"}],"version-history":[{"count":0,"href":"https:\/\/linitiative.ca\/International\/wp-json\/wp\/v2\/posts\/40596\/revisions"}],"wp:attachment":[{"href":"https:\/\/linitiative.ca\/International\/wp-json\/wp\/v2\/media?parent=40596"}],"wp:term":[{"taxonomy":"category","embeddable":true,"href":"https:\/\/linitiative.ca\/International\/wp-json\/wp\/v2\/categories?post=40596"},{"taxonomy":"post_tag","embeddable":true,"href":"https:\/\/linitiative.ca\/International\/wp-json\/wp\/v2\/tags?post=40596"}],"curies":[{"name":"wp","href":"https:\/\/api.w.org\/{rel}","templated":true}]}}