{"id":40597,"date":"2019-06-14T15:30:00","date_gmt":"2019-06-14T19:30:00","guid":{"rendered":"https:\/\/linitiative.ca\/International\/apres-larrestation-dahmed-ouyahia-seddik-chihab-propose-ses-services-au-rnd\/"},"modified":"2019-06-14T15:30:00","modified_gmt":"2019-06-14T19:30:00","slug":"apres-larrestation-dahmed-ouyahia-seddik-chihab-propose-ses-services-au-rnd","status":"publish","type":"post","link":"https:\/\/linitiative.ca\/International\/apres-larrestation-dahmed-ouyahia-seddik-chihab-propose-ses-services-au-rnd\/","title":{"rendered":"APRES L\u2019ARRESTATION D\u2019AHMED OUYAHIA : Seddik Chihab propose  ses services au RND"},"content":{"rendered":"<p><br id=\"sep_para_1\" class=\"sep_para access\"\/><\/p>\n<div id=\"para_1\" class=\"para_31719102 resize\">\n<div class=\"texte access firstletter\">Dans un long communiqu\u00e9, Seddik Chihab commence par rappeler dans quelle condition historique \u00e9tait n\u00e9 le RND \u00e0 \u00ab un moment o\u00f9 l\u2019Etat a failli \u00eatre emport\u00e9 par une crise avec les acquis du projet national fond\u00e9s sur la d\u00e9claration du 1er novembre \u00bb. Le responsable du RND souligne que son parti \u00ab r\u00e9it\u00e8re sa confiance dans la Justice pour combattre la corruption et les corrupteurs et ceux qui ont trahi la confiance du peuple et utilis\u00e9 leur poste de responsabilit\u00e9 pour des fins d\u2019enrichissement personnel ill\u00e9gal et de dilapidation de l\u2019argent public \u00bb. Au regard de la situation que vit le RND avec l\u2019arrestation d\u2019Ahmed Ouyahia, Seddik Chihab lance un appel aux cadres du parti, ses militants, dans leur diversit\u00e9 pour rester \u00ab fid\u00e8les \u00bb, mais surtout \u00e0 \u0153uvrer pour l\u2019\u00e9mergence d\u2019une \u00ab solution consensuelle \u00bb qui r\u00e9ponde aux attentes du Hirak pour permettre au pays de sortir de la crise politique \u00bb Tout en s\u2019inscrivant dans l\u2019optique du pouvoir quant \u00e0 la solution \u00e0 la crise, Seddik Chihab se fait l\u2019avocat du \u00ab dialogue national global, inclusif en pr\u00e9vision de l\u2019\u00e9lection pr\u00e9sidentielle \u00bb. R\u00e9cusant lui aussi la transition, le responsable du RND appelle \u00e0 la mise en place d\u2019une commission nationale ind\u00e9pendante pour l\u2019organisation et la supervision de la pr\u00e9sidentielle. En parall\u00e8le, il sugg\u00e8re la prise de mesures politiques d\u2019apaisement en direction de l\u2019opposition et du Hirak.\u00a0 Quant aux grandes r\u00e9formes politiques, Seddik Chihab jure qu\u2019il appartient au futur pr\u00e9sident d\u00e9mocratiquement \u00e9lu par les alg\u00e9riens de les mener, fort de sa l\u00e9gitimation par les urnes dans le cadre d\u2019une \u00e9lection libre et transparente.<\/div>\n<\/div>\n<p>Auteur: Ismain<br \/>\n<a href=\"https:\/\/www.reflexiondz.net\/APRES-L-ARRESTATION-D-AHMED-OUYAHIA-Seddik-Chihab-propose-ses-services-au-RND_a56174.html\">Cliquez ici pour lire l&rsquo;article depuis sa source.<\/a><\/p>\n","protected":false},"excerpt":{"rendered":"<p>Dans un long communiqu\u00e9, Seddik Chihab commence par rappeler dans quelle condition historique \u00e9tait n\u00e9 le RND \u00e0 \u00ab un moment o\u00f9 l\u2019Etat a failli \u00eatre emport\u00e9 par une crise avec les acquis du projet national fond\u00e9s sur la d\u00e9claration du 1er novembre \u00bb. Le responsable du RND souligne que son parti \u00ab r\u00e9it\u00e8re sa [&hellip;]<\/p>\n","protected":false},"author":1740,"featured_media":0,"comment_status":"closed","ping_status":"closed","sticky":false,"template":"","format":"standard","meta":{"fifu_image_url":"","fifu_image_alt":"","footnotes":""},"categories":[53,76],"tags":[],"class_list":["post-40597","post","type-post","status-publish","format-standard","hentry","category-algerie","category-regions"],"_links":{"self":[{"href":"https:\/\/linitiative.ca\/International\/wp-json\/wp\/v2\/posts\/40597","targetHints":{"allow":["GET"]}}],"collection":[{"href":"https:\/\/linitiative.ca\/International\/wp-json\/wp\/v2\/posts"}],"about":[{"href":"https:\/\/linitiative.ca\/International\/wp-json\/wp\/v2\/types\/post"}],"author":[{"embeddable":true,"href":"https:\/\/linitiative.ca\/International\/wp-json\/wp\/v2\/users\/1740"}],"replies":[{"embeddable":true,"href":"https:\/\/linitiative.ca\/International\/wp-json\/wp\/v2\/comments?post=40597"}],"version-history":[{"count":0,"href":"https:\/\/linitiative.ca\/International\/wp-json\/wp\/v2\/posts\/40597\/revisions"}],"wp:attachment":[{"href":"https:\/\/linitiative.ca\/International\/wp-json\/wp\/v2\/media?parent=40597"}],"wp:term":[{"taxonomy":"category","embeddable":true,"href":"https:\/\/linitiative.ca\/International\/wp-json\/wp\/v2\/categories?post=40597"},{"taxonomy":"post_tag","embeddable":true,"href":"https:\/\/linitiative.ca\/International\/wp-json\/wp\/v2\/tags?post=40597"}],"curies":[{"name":"wp","href":"https:\/\/api.w.org\/{rel}","templated":true}]}}