{"id":40598,"date":"2019-06-14T15:30:00","date_gmt":"2019-06-14T19:30:00","guid":{"rendered":"https:\/\/linitiative.ca\/International\/ministere-du-travail-le-dispositif-du-pre-emploi-bloque-depuis-le-2-janvier\/"},"modified":"2019-06-14T15:30:00","modified_gmt":"2019-06-14T19:30:00","slug":"ministere-du-travail-le-dispositif-du-pre-emploi-bloque-depuis-le-2-janvier","status":"publish","type":"post","link":"https:\/\/linitiative.ca\/International\/ministere-du-travail-le-dispositif-du-pre-emploi-bloque-depuis-le-2-janvier\/","title":{"rendered":"MINISTERE DU TRAVAIL : Le dispositif du pr\u00e9-emploi bloqu\u00e9 depuis le 2 janvier"},"content":{"rendered":"<p><br id=\"sep_para_1\" class=\"sep_para access\"\/><\/p>\n<div id=\"para_1\" class=\"para_31719099 resize\">\n<div class=\"texte access firstletter\">Le dispositif de pr\u00e9-emploi est \u00e0 l\u2019arr\u00eat depuis le 2 janvier 2019. Selon un responsable au minist\u00e8re du Travail, de l\u2019emploi et de la s\u00e9curit\u00e9 sociale, aucun dipl\u00f4m\u00e9 n\u2019a b\u00e9n\u00e9fici\u00e9 d\u2019un contrat de pr\u00e9-emploi depuis le 30 d\u00e9cembre 2018. Une mesure qui n\u2019a fait qu\u2019augmenter le nombre de demandeurs d\u2019emploi inscrits aux antennes de l\u2019Agence nationale de l\u2019emploi (Anem). \u00ab Nous avons re\u00e7u le 2 janvier 2019, une note du minist\u00e8re du Travail, de l\u2019Emploi et de la S\u00e9curit\u00e9 sociale ordonnant le gel de tous les dispositifs de pr\u00e9-emploi jusqu\u2019\u00e0 nouvel ordre \u00bb, a indiqu\u00e9 le m\u00eame responsable \u00e0 Maghreb Emergent. Au d\u00e9part, cette mesure avait un caract\u00e8re provisoire. Elle a \u00e9t\u00e9 prise pour faire l\u2019\u00e9valuation des 10 ans d\u2019existence de la formule de pr\u00e9-emploi et de pr\u00e9paration de nouvelles offres. Le d\u00e9clenchement du soul\u00e8vement populaire contre le pouvoir, le 22 f\u00e9vrier a fait durer cette mesure. \u00ab Le gouvernement et le minist\u00e8re du Travail ne savent plus quoi faire \u00bb, t\u00e9moigne le m\u00eame responsable. \u00ab Nous ne savons plus quoi dire \u00e0 ces jeunes dipl\u00f4m\u00e9s qui esp\u00e8rent avoir un contrat de travail aid\u00e9 \u00bb, affirme un employ\u00e9 de l\u2019Agence nationale de l\u2019emploi (Anem). Le gel a \u00e9galement touch\u00e9 les titulaires de contrats de pr\u00e9-emploi dont l\u2019employeur a cess\u00e9 l\u2019activit\u00e9. \u00ab Cette mesure concerne \u00e9galement des titulaires de contrats de l\u2019emploi dont l\u2019employeur a cess\u00e9 l\u2019activit\u00e9. On leur a impos\u00e9 une s\u00e9rie de mesures pour obtenir un transfert vers un autre employeur \u00bb, t\u00e9moigne-t-il avant d\u2019exprimer son souhait de voir la situation se d\u00e9bloquer rapidement.\u00a0<\/div>\n<\/div>\n<p>Auteur: Ismain<br \/>\n<a href=\"https:\/\/www.reflexiondz.net\/MINISTERE-DU-TRAVAIL-Le-dispositif-du-pre-emploi-bloque-depuis-le-2-janvier_a56173.html\">Cliquez ici pour lire l&rsquo;article depuis sa source.<\/a><\/p>\n","protected":false},"excerpt":{"rendered":"<p>Le dispositif de pr\u00e9-emploi est \u00e0 l\u2019arr\u00eat depuis le 2 janvier 2019. Selon un responsable au minist\u00e8re du Travail, de l\u2019emploi et de la s\u00e9curit\u00e9 sociale, aucun dipl\u00f4m\u00e9 n\u2019a b\u00e9n\u00e9fici\u00e9 d\u2019un contrat de pr\u00e9-emploi depuis le 30 d\u00e9cembre 2018. Une mesure qui n\u2019a fait qu\u2019augmenter le nombre de demandeurs d\u2019emploi inscrits aux antennes de l\u2019Agence [&hellip;]<\/p>\n","protected":false},"author":1740,"featured_media":0,"comment_status":"closed","ping_status":"closed","sticky":false,"template":"","format":"standard","meta":{"fifu_image_url":"","fifu_image_alt":"","footnotes":""},"categories":[53,76],"tags":[],"class_list":["post-40598","post","type-post","status-publish","format-standard","hentry","category-algerie","category-regions"],"_links":{"self":[{"href":"https:\/\/linitiative.ca\/International\/wp-json\/wp\/v2\/posts\/40598","targetHints":{"allow":["GET"]}}],"collection":[{"href":"https:\/\/linitiative.ca\/International\/wp-json\/wp\/v2\/posts"}],"about":[{"href":"https:\/\/linitiative.ca\/International\/wp-json\/wp\/v2\/types\/post"}],"author":[{"embeddable":true,"href":"https:\/\/linitiative.ca\/International\/wp-json\/wp\/v2\/users\/1740"}],"replies":[{"embeddable":true,"href":"https:\/\/linitiative.ca\/International\/wp-json\/wp\/v2\/comments?post=40598"}],"version-history":[{"count":0,"href":"https:\/\/linitiative.ca\/International\/wp-json\/wp\/v2\/posts\/40598\/revisions"}],"wp:attachment":[{"href":"https:\/\/linitiative.ca\/International\/wp-json\/wp\/v2\/media?parent=40598"}],"wp:term":[{"taxonomy":"category","embeddable":true,"href":"https:\/\/linitiative.ca\/International\/wp-json\/wp\/v2\/categories?post=40598"},{"taxonomy":"post_tag","embeddable":true,"href":"https:\/\/linitiative.ca\/International\/wp-json\/wp\/v2\/tags?post=40598"}],"curies":[{"name":"wp","href":"https:\/\/api.w.org\/{rel}","templated":true}]}}