{"id":40603,"date":"2019-06-14T05:14:13","date_gmt":"2019-06-14T09:14:13","guid":{"rendered":"https:\/\/linitiative.ca\/International\/eph-mohamed-boudiaf-de-bouira-le-personnel-paramedical-denonce-linsecurite\/"},"modified":"2019-06-14T05:14:13","modified_gmt":"2019-06-14T09:14:13","slug":"eph-mohamed-boudiaf-de-bouira-le-personnel-paramedical-denonce-linsecurite","status":"publish","type":"post","link":"https:\/\/linitiative.ca\/International\/eph-mohamed-boudiaf-de-bouira-le-personnel-paramedical-denonce-linsecurite\/","title":{"rendered":"EPH Mohamed Boudiaf de Bouira : le personnel param\u00e9dical d\u00e9nonce l\u2019ins\u00e9curit\u00e9"},"content":{"rendered":"<h4 class=\"title-14\"\/>\n<p>Ne voyant rien venir des autorit\u00e9s locales quant \u00e0 leur dol\u00e9ance relative au renforcement du dispositif de s\u00e9curit\u00e9 \u00e0 l\u2019int\u00e9rieur des \u00e9tablissements sanitaires de la wilaya, le personnel param\u00e9dical de l\u2019EPH Mohamed Boudiaf du chef-lieu de wilaya a observ\u00e9, hier, un rassemblement de contestation, d\u00e9non\u00e7ant des cas d\u2019agressions devenus r\u00e9currents au niveau du service des urgences, a-t-on constat\u00e9.<\/p>\n<p>La semaine pass\u00e9e, deux infirmiers ont \u00e9t\u00e9 violemment agress\u00e9es par des patients, a d\u00e9plor\u00e9 l\u2019une des victimes, toujours sous le choc. \u00abNous travaillons dans des conditions extr\u00eamement d\u00e9licates en raison du manque des moyens de s\u00e9curit\u00e9.<\/p>\n<p>Deux infirmi\u00e8res ont fait l\u2019objet d\u2019une agression physique par des accompagnateurs de patients souvent en \u00e9tat d\u2019\u00e9bri\u00e9t\u00e9 o\u00f9 sous l\u2019effet des psychotropes\u00bb, a-t-elle pr\u00e9cis\u00e9 en soulignant que les agressions contre les personnels du corps m\u00e9dical et param\u00e9dical sont devenues l\u00e9gion. \u00abCes d\u00e9passements vont de l\u2019insulte \u00e0 l\u2019agression physique.<\/p>\n<p>C\u2019est pratiquement le personnel f\u00e9minin exer\u00e7ant de nuit qui en est victime\u00bb, a-t-on d\u00e9nonc\u00e9. D\u2019autres services de l\u2019\u00e9tablissement de sant\u00e9 en question enregistrant une pression importante du nombre de patients connaissent \u00e9galement ce genre de d\u00e9passements parfois gravissimes.<\/p>\n<p>Le directeur de l\u2019EPH de Bouira, Djamel Boutemeur, a d\u00e9plor\u00e9 que cette situation est le r\u00e9sultat du manque d\u2019agents de s\u00e9curit\u00e9. \u00abNous avons un effectif tr\u00e8s r\u00e9duit en personnel de s\u00e9curit\u00e9 pouvant faire face \u00e0 ce genre d\u2019intimidations auquel fait face notre personnel.<\/p>\n<p>Nous avons six agents qui assurent la s\u00e9curit\u00e9 du personnel du service des urgences et cela est tr\u00e8s insuffisant eu \u00e9gard du flux et de la pression auxquels fait face le service en question\u00bb, a-t-il pr\u00e9cis\u00e9 pr\u00e9conisant un renforcement en \u00e9l\u00e9ments de police pour \u00e9pauler les agents de s\u00e9curit\u00e9 de l\u2019h\u00f4pital dans le cadre de leur mission.<\/p>\n<p><span class=\"post-views-label\">Post Views:<\/span> <span class=\"post-views-count\">179<\/span><\/p>\n<p>Auteur: Hicham Chouadria<br \/>\n<a href=\"https:\/\/www.elwatan.com\/edition\/actualite\/eph-mohamed-boudiaf-de-bouira-le-personnel-paramedical-denonce-linsecurite-14-06-2019\">Cliquez ici pour lire l&rsquo;article depuis sa source.<\/a><\/p>\n","protected":false},"excerpt":{"rendered":"<p>Ne voyant rien venir des autorit\u00e9s locales quant \u00e0 leur dol\u00e9ance relative au renforcement du dispositif de s\u00e9curit\u00e9 \u00e0 l\u2019int\u00e9rieur des \u00e9tablissements sanitaires de la wilaya, le personnel param\u00e9dical de l\u2019EPH Mohamed Boudiaf du chef-lieu de wilaya a observ\u00e9, hier, un rassemblement de contestation, d\u00e9non\u00e7ant des cas d\u2019agressions devenus r\u00e9currents au niveau du service des [&hellip;]<\/p>\n","protected":false},"author":1743,"featured_media":0,"comment_status":"closed","ping_status":"closed","sticky":false,"template":"","format":"standard","meta":{"fifu_image_url":"","fifu_image_alt":"","footnotes":""},"categories":[73,53],"tags":[],"class_list":["post-40603","post","type-post","status-publish","format-standard","hentry","category-actualite","category-algerie"],"_links":{"self":[{"href":"https:\/\/linitiative.ca\/International\/wp-json\/wp\/v2\/posts\/40603","targetHints":{"allow":["GET"]}}],"collection":[{"href":"https:\/\/linitiative.ca\/International\/wp-json\/wp\/v2\/posts"}],"about":[{"href":"https:\/\/linitiative.ca\/International\/wp-json\/wp\/v2\/types\/post"}],"author":[{"embeddable":true,"href":"https:\/\/linitiative.ca\/International\/wp-json\/wp\/v2\/users\/1743"}],"replies":[{"embeddable":true,"href":"https:\/\/linitiative.ca\/International\/wp-json\/wp\/v2\/comments?post=40603"}],"version-history":[{"count":0,"href":"https:\/\/linitiative.ca\/International\/wp-json\/wp\/v2\/posts\/40603\/revisions"}],"wp:attachment":[{"href":"https:\/\/linitiative.ca\/International\/wp-json\/wp\/v2\/media?parent=40603"}],"wp:term":[{"taxonomy":"category","embeddable":true,"href":"https:\/\/linitiative.ca\/International\/wp-json\/wp\/v2\/categories?post=40603"},{"taxonomy":"post_tag","embeddable":true,"href":"https:\/\/linitiative.ca\/International\/wp-json\/wp\/v2\/tags?post=40603"}],"curies":[{"name":"wp","href":"https:\/\/api.w.org\/{rel}","templated":true}]}}